{"id":6742,"date":"2020-03-09T16:00:32","date_gmt":"2020-03-09T15:00:32","guid":{"rendered":"https:\/\/2020.paris.wordcamp.org\/?p=6742"},"modified":"2020-06-18T09:17:47","modified_gmt":"2020-06-18T07:17:47","slug":"une-bonne-et-une-mauvaise-nouvelle","status":"publish","type":"post","link":"https:\/\/paris.wordcamp.org\/2020\/une-bonne-et-une-mauvaise-nouvelle\/","title":{"rendered":"Une bonne et une mauvaise nouvelle\u2026 \ud83d\uddef"},"content":{"rendered":"\n<div class=\"wp-block-group\"><div class=\"wp-block-group__inner-container is-layout-flow wp-block-group-is-layout-flow\">\n<div class=\"wp-block-group\"><div class=\"wp-block-group__inner-container is-layout-flow wp-block-group-is-layout-flow\">\n<div class=\"wp-block-group alignwide has-background-color has-accent-background-color has-text-color has-background\"><div class=\"wp-block-group__inner-container is-layout-flow wp-block-group-is-layout-flow\">\n<h2 class=\"has-text-align-center wp-block-heading\">On n\u2019annule pas, on reporte !&nbsp; On prend les m\u00eames et on continue\u2026<\/h2>\n<\/div><\/div>\n<\/div><\/div>\n<\/div><\/div>\n\n\n\n<h2 class=\"wp-block-heading\">Pourquoi&nbsp;?<\/h2>\n\n\n\n<p class=\"wp-block-paragraph\">Nous voici \u00e0 6 semaines du 17 avril, date pr\u00e9vue de notre rassemblement parisien. Six semaines c&rsquo;est long lorsqu&rsquo;on a aucune visibilit\u00e9, comme c&rsquo;est le cas, dans la gestion de cette \u00e9pid\u00e9mie COVID-19. Reporter, c&rsquo;est affirmer qu&rsquo;on ne peut pas prendre le risque d&rsquo;exposer les participantes et participants, quand bien m\u00eame chacun\u00b7e est bien s\u00fbr responsable de sa participation ou non. Mais reporter, c&rsquo;est surtout choisir de ne pas contribuer \u00e0 la propagation de ce virus ; qu\u2019il soit ou non \u00ab dangereux \u00bb, question \u00e0 laquelle nous orgas, ne sommes pas en mesure de r\u00e9pondre.<\/p>\n\n\n\n<p class=\"wp-block-paragraph\"><strong>Six semaines, c\u2019est \u00e9galement tr\u00e8s court. Par cons\u00e9quent et afin que toutes et tous puissions organiser notre participation \u00e0 ce WordCamp tant attendu, avec un peu d\u2019anticipation, nous choisissons sans plus attendre de reporter \u00e0 <s>d\u00e9but septembre<\/s> 2021, comme nous le propose la Sorbonne.<\/strong><\/p>\n\n\n\n<p class=\"has-background-color has-accent-background-color has-text-color has-background wp-block-paragraph\">La voil\u00e0 la bonne nouvelle : nous pouvons reporter ce rassemblement au m\u00eame endroit ! <\/p>\n\n\n\n<p class=\"wp-block-paragraph\">Un grand merci \u00e0 l&rsquo;\u00e9quipe du Campus Malesherbes pour leur r\u00e9activit\u00e9 et leur flexibilit\u00e9.<\/p>\n\n\n\n<h3 class=\"wp-block-heading\">Une des solutions envisag\u00e9e puis \u00e9cart\u00e9e <\/h3>\n\n\n\n<p class=\"wp-block-paragraph\">Les conf\u00e9rences en vid\u00e9o : c\u2019est une des solutions \u00e9voqu\u00e9es avec le WordCamp Central qui conseille les organisateurs et organisatrices. Mais se rencontrer et se retrouver, c\u2019est la saveur d\u2019un WordCamp, sans oublier que les Parlotes ne peuvent \u00eatre retransmises en vid\u00e9o. Nous pr\u00e9f\u00e9rons donc le report car un rassemblement c\u2019est tout de m\u00eame mieux IRL, en vrai quoi, justement !<\/p>\n\n\n\n<h2 class=\"wp-block-heading\">Comment&nbsp;?<\/h2>\n\n\n\n<h3 class=\"wp-block-heading\">Objectif <s>septembre<\/s> 2021\u00a0!<\/h3>\n\n\n\n<p class=\"wp-block-paragraph\"><s>La Sorbonne a accept\u00e9 notre report et nous propose deux dates : le premier ou le deuxi\u00e8me vendredi du mois de septembre.\u00a0<\/s><br><s>Pourquoi deux cr\u00e9neaux et pas un seul ? La rentr\u00e9e universitaire n\u2019est pas encore fix\u00e9e, et sera d\u00e9cid\u00e9e fin mai. C\u2019est \u00e0 ce moment l\u00e0 que les responsables du Campus pourrons nous confirmer que la date du 11\u00a0septembre est envisageable. Il nous semble que pour tous, le 11\u00a0septembre est pr\u00e9f\u00e9rable au 4\u00a0septembre, semaine de la rentr\u00e9e scolaire. Voil\u00e0 vous savez tout\u00a0!<\/s><\/p>\n\n\n\n<p class=\"wp-block-paragraph\">Nous remercions chaudement les participant\u00b7e\u00b7s, sponsors, orateurs et oratrices qui nous ont d\u00e9j\u00e0 confirm\u00e9 leur participation ainsi que celles et ceux qui ont d\u00e9j\u00e0 r\u00e9pondu \u00e0 l&rsquo;appel \u00e0 volontaires . \u2665\ufe0f<\/p>\n\n\n\n<h2 class=\"wp-block-heading\">Infos pratiques<\/h2>\n\n\n\n<p class=\"wp-block-paragraph\">Pour celles et ceux qui n&rsquo;ont pas encore leur billet, la <a rel=\"noreferrer noopener\" href=\"https:\/\/2020.paris.wordcamp.org\/billetterie\/\" target=\"_blank\">billetterie<\/a> reste ouverte.<\/p>\n\n\n\n<p class=\"wp-block-paragraph\"><strong>Vous avez d\u00e9j\u00e0 achet\u00e9 votre billet pour le WordCamp Paris du 17 avril ? <\/strong><br><s>Magic ! Il reste valable.<\/s> Il vous sera rembours\u00e9 automatiquement.<\/p>\n\n\n\n<p class=\"wp-block-paragraph\"><s>Si vous souhaitez vous faire rembourser vous trouverez dans l&rsquo;e-mail de confirmation d&rsquo;achat le lien pour ce faire.<\/s><\/p>\n\n\n\n<p class=\"wp-block-paragraph\"><strong>Vous avez d\u00e9j\u00e0 achet\u00e9 vos billets de train pour le 17&nbsp;avril ou autour&nbsp;? <\/strong>la SNCF \u00e9change ou rembourse sans frais les billets TGV INOUI, OUIGO et Intercit\u00e9s pr\u00e9vus <strong>jusqu\u2019au 30&nbsp;avril<\/strong> \n<div class=\"wp-block-wporg-notice is-info-notice\">\n<div class=\"wp-block-wporg-notice__icon\"><\/div>\n<div class=\"wp-block-wporg-notice__content\"><\/div><\/div>\n.<br>Plus d&rsquo;infos sur le <a href=\"https:\/\/www.sncf.com\/fr\/offres-voyageurs\/voyager-en-train\/coronavirus-nos-mesures-exceptionnelles\">site de la SNCF<\/a>.<\/p>\n\n\n\n<p class=\"wp-block-paragraph\"><strong>Vous avez d\u00e9j\u00e0 r\u00e9serv\u00e9 vos billets d&rsquo;avion par Air France&nbsp;? <\/strong>plus d&rsquo;infos sur leur site <a href=\"https:\/\/www.airfrance.fr\/FR\/fr\/common\/page_flottante\/hp\/infos-trafic-aerien-air-france.htm\">https:\/\/www.airfrance.fr\/FR\/fr\/common\/page_flottante\/hp\/infos-trafic-aerien-air-france.htm<\/a><\/p>\n\n\n\n<p class=\"wp-block-paragraph\"><strong>Plus d&rsquo;infos sur le site de Service Public<\/strong> : quels droits en cas d&rsquo;annulation d&rsquo;un vol ou d&rsquo;un s\u00e9jour (Coronavirus) ? <a href=\"https:\/\/www.service-public.fr\/particuliers\/actualites\/A13868\">https:\/\/www.service-public.fr\/particuliers\/actualites\/A13868<\/a><\/p>\n\n\n\n<h2 class=\"wp-block-heading\">Et pendant ce temps\u2026&nbsp;<\/h2>\n\n\n\n<p class=\"wp-block-paragraph\">[meanwhile] On ne baisse pas les bras et <a href=\"https:\/\/2020.paris.wordcamp.org\/portrait-de-delphine\/\" target=\"_blank\" rel=\"noreferrer noopener\">Delphine<\/a> nous pr\u00e9pare un \u00ab&nbsp;After&nbsp;\u00bb (soir\u00e9e de cl\u00f4ture) bien sympa et <a href=\"https:\/\/2020.paris.wordcamp.org\/portrait-christian\/\" target=\"_blank\" rel=\"noreferrer noopener\">Christian<\/a> un programme de derri\u00e8re les fagots ! Sans oublier le \u00ab&nbsp;Before&nbsp;\u00bb (d\u00eener des Orateurs et Oratrices) de <a href=\"https:\/\/2020.paris.wordcamp.org\/portrait-de-julien\/\" target=\"_blank\" rel=\"noreferrer noopener\">Julien<\/a>. On vous tient au jus\u2026<\/p>\n\n\n\n<p class=\"wp-block-paragraph\">\u00c0 tr\u00e8s vite pour un avant-go\u00fbt du programme\u2026<\/p>\n\n\n\n<p class=\"has-text-align-center has-accent-background-color has-background wp-block-paragraph\">PS : n&rsquo;h\u00e9sitez surtout pas \u00e0 nos envoyer des petits messages d&rsquo;encouragement ici dans les commentaires, ou sur twitter : \u00e7a tient chaud au c\u0153ur\u2026<\/p>\n\n\n\n<div style=\"height:58px\" aria-hidden=\"true\" class=\"wp-block-spacer\"><\/div>\n\n\n\n<p class=\"wp-block-paragraph\"><em>L\u2019\u00e9quipe d\u2019organisation du WordCamp Paris 2020<\/em> : B\u00e9ryl, Christian, Delphine, Fr\u00e9d\u00e9rique, Guillaume, Julien, Marc, Marjorie, Mathilde, Michael, Olivier, Samira, Sandra, St\u00e9phane, Sylvie, et Thomas.<\/p>\n","protected":false},"excerpt":{"rendered":"<p>On n\u2019annule pas, on reporte ! Nous voici \u00e0 6 semaines du 17 avril, date pr\u00e9vue de notre rassemblement parisien. Six semaines c&rsquo;est long lorsqu&rsquo;on a aucune visibilit\u00e9, comme c&rsquo;est le cas, dans la gestion de cette \u00e9pid\u00e9mie COVID-19.<\/p>\n","protected":false},"author":15675991,"featured_media":6754,"comment_status":"open","ping_status":"open","sticky":false,"template":"templates\/template-cover.php","format":"standard","meta":{"_crdt_document":"","jetpack_post_was_ever_published":false,"_jetpack_newsletter_access":"","_jetpack_dont_email_post_to_subs":false,"_jetpack_newsletter_tier_id":0,"_jetpack_memberships_contains_paywalled_content":false,"_jetpack_memberships_contains_paid_content":false,"footnotes":""},"categories":[17,65],"tags":[],"class_list":["post-6742","post","type-post","status-publish","format-standard","has-post-thumbnail","hentry","category-actualites","category-paris"],"jetpack_featured_media_url":"https:\/\/i0.wp.com\/paris.wordcamp.org\/2020\/files\/2020\/03\/estee-janssens-zni0zgb3bkQ-unsplash-w2000.jpg?fit=2000%2C1337&ssl=1","jetpack_sharing_enabled":true,"jetpack_likes_enabled":true,"_links":{"self":[{"href":"https:\/\/paris.wordcamp.org\/2020\/wp-json\/wp\/v2\/posts\/6742","targetHints":{"allow":["GET"]}}],"collection":[{"href":"https:\/\/paris.wordcamp.org\/2020\/wp-json\/wp\/v2\/posts"}],"about":[{"href":"https:\/\/paris.wordcamp.org\/2020\/wp-json\/wp\/v2\/types\/post"}],"author":[{"embeddable":true,"href":"https:\/\/paris.wordcamp.org\/2020\/wp-json\/wp\/v2\/users\/15675991"}],"replies":[{"embeddable":true,"href":"https:\/\/paris.wordcamp.org\/2020\/wp-json\/wp\/v2\/comments?post=6742"}],"version-history":[{"count":73,"href":"https:\/\/paris.wordcamp.org\/2020\/wp-json\/wp\/v2\/posts\/6742\/revisions"}],"predecessor-version":[{"id":6941,"href":"https:\/\/paris.wordcamp.org\/2020\/wp-json\/wp\/v2\/posts\/6742\/revisions\/6941"}],"wp:featuredmedia":[{"embeddable":true,"href":"https:\/\/paris.wordcamp.org\/2020\/wp-json\/wp\/v2\/media\/6754"}],"wp:attachment":[{"href":"https:\/\/paris.wordcamp.org\/2020\/wp-json\/wp\/v2\/media?parent=6742"}],"wp:term":[{"taxonomy":"category","embeddable":true,"href":"https:\/\/paris.wordcamp.org\/2020\/wp-json\/wp\/v2\/categories?post=6742"},{"taxonomy":"post_tag","embeddable":true,"href":"https:\/\/paris.wordcamp.org\/2020\/wp-json\/wp\/v2\/tags?post=6742"}],"curies":[{"name":"wp","href":"https:\/\/api.w.org\/{rel}","templated":true}]}}