{"id":6458,"date":"2020-02-28T14:00:00","date_gmt":"2020-02-28T13:00:00","guid":{"rendered":"https:\/\/2020.paris.wordcamp.org\/?p=6458"},"modified":"2020-06-18T09:14:21","modified_gmt":"2020-06-18T07:14:21","slug":"the-menu-please","status":"publish","type":"post","link":"https:\/\/paris.wordcamp.org\/2020\/the-menu-please\/","title":{"rendered":"The menu, please&#8230;"},"content":{"rendered":"\n<div class=\"wp-block-group has-background-color has-accent-background-color has-text-color has-background\"><div class=\"wp-block-group__inner-container is-layout-flow wp-block-group-is-layout-flow\">\n<h3 class=\"wp-block-heading\">[Covid-19] Attention la date change. Initialement pr\u00e9vu le 17 avril, notre rassemblement aura lieu en <s>septembre<\/s> 2021. <a rel=\"noreferrer noopener\" href=\"https:\/\/2020.paris.wordcamp.org\/une-bonne-et-une-mauvaise-nouvelle\/\" target=\"_blank\">On prend les m\u00eames et on continue \u2192<\/a><\/h3>\n<\/div><\/div>\n\n\n\n<div style=\"height:50px\" aria-hidden=\"true\" class=\"wp-block-spacer\"><\/div>\n\n\n\n<p class=\"wp-block-paragraph\">L\u2019appel \u00e0 Oratrices et Orateurs est \u00e0 pr\u00e9sent cl\u00f4t. L&rsquo;\u00e9quipe d&rsquo;organisation du WordCamp Paris 2020 entre \u00e0 pr\u00e9sent dans la (difficile) phase de l&rsquo;\u00e9laboration du programme. <em>Patience et longueur de temps\u2026<\/em><\/p>\n\n\n\n<p class=\"has-text-align-center has-accent-background-color has-background wp-block-paragraph\" style=\"font-size:26px\">\ud83d\ude4c<br>Merci infiniment \u00e0 celles et ceux qui ont fait des propositions de conf\u00e9rences. Chacun\u00b7e sera personnellement inform\u00b7\u00e9\u00b7e de l\u2019acceptation ou non de sa ou ses propositions d\u00e8s apr\u00e8s la s\u00e9lection finale.<br>\ud83d\udc50<\/p>\n\n\n\n<p class=\"wp-block-paragraph\">Voici donc quelques r\u00e9flexions et informations quant \u00e0 la fa\u00e7on de constituer le programme de cette journ\u00e9e <del>du 17 avril<\/del> qui malheureusement ne dure que 24 heures\u2026 C&rsquo;est \u00e0 pr\u00e9sent le moment de faire des choix.<\/p>\n\n\n\n<h2 class=\"wp-block-heading\">Pas une mince affaire !<\/h2>\n\n\n\n<p class=\"wp-block-paragraph\">[Pour rappel] <strong>La soumission des propositions<\/strong> : <em>Conf\u00e9rences<\/em>, <em>Propos \u00e9clair<\/em> et <em>Parlote<\/em> sont soumis via un site sp\u00e9cifique mis en place par Mathieu l&rsquo;ann\u00e9e derni\u00e8re. <br>Un descriptif court, des mots-cl\u00e9s qui pr\u00e9cisent le th\u00e8me sont demand\u00e9s et quelques infos sur la personne qui propose le sujet. Concernant les orateurs et oratrices, c&rsquo;est <a href=\"https:\/\/2020.paris.wordcamp.org\/portrait-christian\/\">Christian<\/a> le patron, c&rsquo;est avec lui qu&rsquo;\u00e9changent les candidates et candidats.<\/p>\n\n\n\n<h3 class=\"wp-block-heading\">Avant tout<\/h3>\n\n\n\n<p class=\"wp-block-paragraph\">Le programme final est compos\u00e9 pour offrir aux participantes et participants une journ\u00e9e riche qui couvre tous les int\u00e9r\u00eats et tous les niveaux. Il sera publi\u00e9 (au plus tard) <strong>le 9 mars 2020<\/strong>.<\/p>\n\n\n\n<figure class=\"wp-block-video\"><video controls src=\"https:\/\/2020.paris.wordcamp.org\/files\/2020\/02\/the-menu-please.mp4\"><\/video><figcaption>\u00ab\u00a0the menu, please\u2026\u00a0\u00bb : L&rsquo;Aile ou la Cuisse. Claude Zidi, 1976. Avec Louis de Fun\u00e8s, Coluche.<\/figcaption><\/figure>\n\n\n\n<h2 class=\"wp-block-heading\">Les \u00e9tapes<\/h2>\n\n\n\n<h3 class=\"wp-block-heading\">La constitution du jury d&rsquo;\u00e9valuation<\/h3>\n\n\n\n<p class=\"wp-block-paragraph\">Les volontaires pour l&rsquo;\u00e9valuation des conf\u00e9rences font partie de l&rsquo;\u00e9quipe d&rsquo;organisation du WordCamp Paris 2020 ainsi que de l&rsquo;association <a href=\"https:\/\/wpparis.fr\/\" target=\"_blank\" rel=\"noreferrer noopener\" aria-label=\"WP Paris (ouverture dans un nouvel onglet)\">WP Paris<\/a>.<\/p>\n\n\n\n<h3 class=\"wp-block-heading\">Un premier tour anonyme<\/h3>\n\n\n\n<p class=\"wp-block-paragraph\">La premi\u00e8re \u00e9tape : les personnes volontaires \u00e9valuent <strong>toutes<\/strong> les propositions sur une \u00e9chelle de 1 \u00e0 5 et apportent leurs commentaires. Seuls les titres, descriptions et mots-cl\u00e9s leur sont visibles, ainsi que le choix du format de pr\u00e9sentation. \u00c0 ce stade, les auteurs des propositions ne sont pas visibles. <br>Une quarantaine de propositions de <em>Conf\u00e9rences<\/em> et <em>Propos \u00e9clair<\/em> a \u00e9t\u00e9 soumise cette ann\u00e9e ainsi qu&rsquo;une dizaine de <em>Parlotes<\/em>.<\/p>\n\n\n\n<h3 class=\"wp-block-heading\">Ensuite, il faut pond\u00e9rer et argumenter<\/h3>\n\n\n\n<p class=\"wp-block-paragraph\">Deuxi\u00e8me \u00e9tape, la s\u00e9lection <em>presque<\/em> finale : un jury plus restreint est r\u00e9uni pour discuter des propositions les plus appr\u00e9ci\u00e9es et pond\u00e9rer certaines \u00e9valuations. La question de la vari\u00e9t\u00e9 des th\u00e8mes est alors prise en compte. Le tout est discut\u00e9 de mani\u00e8re coll\u00e9giale, et anim\u00e9 par Christian.<br>Les jur\u00e9s : pas de <em>profil type<\/em> mais plut\u00f4t une multitude de profils qui apportent leur point de vue et centre d\u2019int\u00e9r\u00eat particulier tout en veillant \u00e0 ce que les sujets choisis puissent int\u00e9resser chacun\u00b7e\u00b7s des participant\u00b7e\u00b7s (d\u00e9butants ou confirm\u00e9s, \u00e9tudiants ou professionnels, d\u00e9veloppeurs ou non\u2026).<\/p>\n\n\n\n<h3 class=\"wp-block-heading\">Puis, on d\u00e9zoome : comment s\u2019organise la journ\u00e9e&nbsp;?<\/h3>\n\n\n\n<p class=\"wp-block-paragraph\">Troisi\u00e8me \u00e9tape : la r\u00e9partition des cr\u00e9neaux horaires en fonction des espaces disponibles. <br>Le cadre d\u00e9fini \u00e9tant de trois \u00ab tracks \u00bb : le track <em>Conf\u00e9rences<\/em> et <em>Propos \u00e9clair<\/em> de l&rsquo;Amphi, le track des <em>Parlotes impaires<\/em> et celui des <em>Parlotes paires<\/em>, tous deux situ\u00e9s dans le Hall.<br>Une \u00e9quation ardue que doit r\u00e9soudre <a href=\"https:\/\/2020.paris.wordcamp.org\/portrait-christian\/\">Christian<\/a> \ud83d\udcaa.<\/p>\n\n\n\n<h4 class=\"wp-block-heading\">Enfin, il convient de trancher\u2026<\/h4>\n\n\n\n<p class=\"wp-block-paragraph\">Quatri\u00e8me \u00e9tape : le choix final. Corn\u00e9lien. En fonction des th\u00e8mes et des publics qui peuvent \u00eatre int\u00e9ress\u00e9s mais aussi du format et des disponibilit\u00e9s de cr\u00e9neaux. Les choix sont parfois difficiles ! D\u2019autant que beaucoup de param\u00e8tres annexes entrent en ligne de compte, ce qui n\u00e9cessite de&nbsp;:<\/p>\n\n\n\n<ul class=\"wp-block-list\"><li>Synchroniser <em>Conf\u00e9rences<\/em> (amphi) et <em>Parlotes<\/em> (hall) (pour tenter d\u2019\u00e9viter que deux sujets concernant le m\u00eame \u00ab profil \u00bb ne soient cal\u00e9s en m\u00eame temps). C\u2019est bien s\u00fbr un peu hypoth\u00e9tique, mais on fait le maximum pour y arriver\u2026<\/li><li>Garder un rythme <em>cool<\/em> (pour ne pas avoir \u00e0 bousculer les gens tout le temps)<\/li><li>\u00c9viter les intervalles trop courts entre les pr\u00e9sentations (pour que les participant\u00b7e\u00b7s ne soient pas oblig\u00e9s de quitter une pr\u00e9sentation avant sa fin, ou n\u2019arrivent pas quand l\u2019orateur a commenc\u00e9 \u00e0 parler)<\/li><li>Pr\u00e9voir une courte pause-caf\u00e9 le matin, directement apr\u00e8s le caf\u00e9 de l\u2019accueil (pour les accros \u00e0 la caf\u00e9ine)<\/li><li>Pr\u00e9voir deux autres pauses assez longues (pour se ravitailler, se reposer, faire des rencontres ou visiter les stands des gentils sponsors\u2026)<\/li><\/ul>\n\n\n\n<p class=\"wp-block-paragraph\">Allez, au boulot&nbsp;!<\/p>\n","protected":false},"excerpt":{"rendered":"<p>L\u2019appel \u00e0 Oratrices et Orateurs est \u00e0 pr\u00e9sent cl\u00f4t. L&rsquo;\u00e9quipe d&rsquo;organisation du WordCamp Paris 2020 entre \u00e0 pr\u00e9sent dans la (difficile) phase de l&rsquo;\u00e9laboration du programme.<\/p>\n","protected":false},"author":15675991,"featured_media":6486,"comment_status":"open","ping_status":"open","sticky":false,"template":"templates\/template-cover.php","format":"standard","meta":{"_crdt_document":"","jetpack_post_was_ever_published":false,"_jetpack_newsletter_access":"","_jetpack_dont_email_post_to_subs":false,"_jetpack_newsletter_tier_id":0,"_jetpack_memberships_contains_paywalled_content":false,"_jetpack_memberships_contains_paid_content":false,"footnotes":""},"categories":[17],"tags":[],"class_list":["post-6458","post","type-post","status-publish","format-standard","has-post-thumbnail","hentry","category-actualites"],"jetpack_featured_media_url":"https:\/\/i0.wp.com\/paris.wordcamp.org\/2020\/files\/2020\/02\/orateurs-cc-by-Jerome-Renault-wcparis-2019.jpg?fit=2048%2C1365&ssl=1","jetpack_sharing_enabled":true,"jetpack_likes_enabled":true,"_links":{"self":[{"href":"https:\/\/paris.wordcamp.org\/2020\/wp-json\/wp\/v2\/posts\/6458","targetHints":{"allow":["GET"]}}],"collection":[{"href":"https:\/\/paris.wordcamp.org\/2020\/wp-json\/wp\/v2\/posts"}],"about":[{"href":"https:\/\/paris.wordcamp.org\/2020\/wp-json\/wp\/v2\/types\/post"}],"author":[{"embeddable":true,"href":"https:\/\/paris.wordcamp.org\/2020\/wp-json\/wp\/v2\/users\/15675991"}],"replies":[{"embeddable":true,"href":"https:\/\/paris.wordcamp.org\/2020\/wp-json\/wp\/v2\/comments?post=6458"}],"version-history":[{"count":45,"href":"https:\/\/paris.wordcamp.org\/2020\/wp-json\/wp\/v2\/posts\/6458\/revisions"}],"predecessor-version":[{"id":6939,"href":"https:\/\/paris.wordcamp.org\/2020\/wp-json\/wp\/v2\/posts\/6458\/revisions\/6939"}],"wp:featuredmedia":[{"embeddable":true,"href":"https:\/\/paris.wordcamp.org\/2020\/wp-json\/wp\/v2\/media\/6486"}],"wp:attachment":[{"href":"https:\/\/paris.wordcamp.org\/2020\/wp-json\/wp\/v2\/media?parent=6458"}],"wp:term":[{"taxonomy":"category","embeddable":true,"href":"https:\/\/paris.wordcamp.org\/2020\/wp-json\/wp\/v2\/categories?post=6458"},{"taxonomy":"post_tag","embeddable":true,"href":"https:\/\/paris.wordcamp.org\/2020\/wp-json\/wp\/v2\/tags?post=6458"}],"curies":[{"name":"wp","href":"https:\/\/api.w.org\/{rel}","templated":true}]}}