{"id":5769,"date":"2020-02-12T10:00:00","date_gmt":"2020-02-12T09:00:00","guid":{"rendered":"https:\/\/2020.paris.wordcamp.org\/?p=5769"},"modified":"2020-02-13T12:48:27","modified_gmt":"2020-02-13T11:48:27","slug":"portrait-stephane","status":"publish","type":"post","link":"https:\/\/paris.wordcamp.org\/2020\/portrait-stephane\/","title":{"rendered":"Portrait de St\u00e9phane"},"content":{"rendered":"\n<h2 class=\"wp-block-heading\">Quelle est ton activit\u00e9 principale&nbsp;?<\/h2>\n\n\n\n<p class=\"wp-block-paragraph\">Je suis consultant\/formateur ind\u00e9pendant certifi\u00e9 et \u00ab datadock\u00e9 \u00bb. Je forme des salari\u00e9s sur la cr\u00e9ation et le suivi de sites internet. Dans ce cadre je suis amen\u00e9 \u00e0 former sur WordPress. J\u2019interviens aussi bien en <em>inter-entreprise<\/em> qu\u2019en <em>intra-entreprise<\/em>. Dans de grandes soci\u00e9t\u00e9s autant qu\u2019en PME ou TPE. Par ailleurs, j\u2019ai \u00e9galement gard\u00e9 une activit\u00e9 de cr\u00e9ation et de suivi de sites presque exclusivement sous WordPress.<\/p>\n\n\n\n<h2 class=\"wp-block-heading\">De quoi t\u2019occupes-tu dans l\u2019organisation de ce WordCamp&nbsp;?<\/h2>\n\n\n\n<p class=\"wp-block-paragraph\">Je veille au soin des participantes et participants.<\/p>\n\n\n\n<h2 class=\"wp-block-heading\">Parle-nous d\u2019un projet WordPress auquel tu as particip\u00e9 et dont tu es particuli\u00e8rement fier. Quel a \u00e9t\u00e9 ton r\u00f4le&nbsp;? Raconte-nous un peu&nbsp;!<\/h2>\n\n\n\n<p class=\"wp-block-paragraph\">Je suis en train de cr\u00e9er un th\u00e8me sur mesure pour le site de la communaut\u00e9 de formateurs d\u2019une des plus grosses soci\u00e9t\u00e9s de formation fran\u00e7aise pour laquelle je travaille depuis 10 ans. J\u2019utilise le framework <em>Genesis<\/em> sur lequel je me suis form\u00e9 l\u2019ann\u00e9e derni\u00e8re aupr\u00e8s de <strong>Gr\u00e9goire Noyelle<\/strong>. Je crois enfin avoir trouv\u00e9 la formule qui me convient pour cr\u00e9er des th\u00e8mes. J\u2019en suis tr\u00e8s satisfait.<\/p>\n\n\n\n<h2 class=\"wp-block-heading\">Ton plus gros moment de solitude avec WordPress\u00a0?<\/h2>\n\n\n\n<p class=\"wp-block-paragraph\">Une extension qui me p\u00e8te tout un site \u00e0 23 heures alors que je faisais mes mises \u00e0 jour juste avant d\u2019aller au lit.<\/p>\n\n\n\n<h2 class=\"wp-block-heading\">Quelle est la conf\u00e9rence qui t\u2019a le plus marqu\u00e9 lors d\u2019un WordCamp&nbsp;?<\/h2>\n\n\n\n<p class=\"wp-block-paragraph\">La conf\u00e9rence de <strong>Thomas Villain<\/strong> en 2016 \u00e0 Paris, un \u00ab\u2009Design R\u00e9ussi\u2009\u00bb au WordCamp Paris 2016 : des pistes pour r\u00e9ussir le design de son th\u00e8me WordPress.<\/p>\n\n\n\n<figure class=\"wp-block-embed-wordpress-tv wp-block-embed is-type-video wp-embed-aspect-4-3 wp-has-aspect-ratio\"><div class=\"wp-block-embed__wrapper\">\n<iframe title=\"VideoPress Video Player\" aria-label='VideoPress Video Player' width='580' height='331' src='https:\/\/video.wordpress.com\/embed\/pPfcjW1b?hd=1&amp;cover=1' frameborder='0' allowfullscreen allow='clipboard-write'><\/iframe><script src='https:\/\/v0.wordpress.com\/js\/next\/videopress-iframe.js?m=1674852142'><\/script>\n<\/div><figcaption>Thomas Villain : un design r\u00e9ussi au WordCamp Paris 2016.<\/figcaption><\/figure>\n\n\n\n<h2 class=\"wp-block-heading\">Retrouvez St\u00e9phane sur\u2026<\/h2>\n\n\n\n<p class=\"wp-block-paragraph\">Son compte <a rel=\"noreferrer noopener\" aria-label=\"Twitter (ouverture dans un nouvel onglet)\" href=\"https:\/\/twitter.com\/stephanebataill\" target=\"_blank\">Twitter<\/a><br>Son profil <a href=\"https:\/\/www.linkedin.com\/in\/stephanebataillard\/\" target=\"_blank\" rel=\"noreferrer noopener\" aria-label=\"LinkedIn (ouverture dans un nouvel onglet)\">LinkedIn<\/a><\/p>\n","protected":false},"excerpt":{"rendered":"<p>Quelle est ton activit\u00e9 principale&nbsp;? Je suis consultant\/formateur ind\u00e9pendant certifi\u00e9 et \u00ab datadock\u00e9 \u00bb. Je forme des salari\u00e9s sur la cr\u00e9ation et le suivi de sites internet. Dans ce cadre je suis amen\u00e9 \u00e0 former sur WordPress. J\u2019interviens aussi bien en inter-entreprise qu\u2019en intra-entreprise. Dans de grandes soci\u00e9t\u00e9s autant qu\u2019en PME ou TPE. Par ailleurs, [&hellip;]<\/p>\n","protected":false},"author":14257518,"featured_media":5784,"comment_status":"open","ping_status":"open","sticky":false,"template":"templates\/template-cover.php","format":"standard","meta":{"_crdt_document":"","jetpack_post_was_ever_published":false,"_jetpack_newsletter_access":"","_jetpack_dont_email_post_to_subs":false,"_jetpack_newsletter_tier_id":0,"_jetpack_memberships_contains_paywalled_content":false,"_jetpack_memberships_contains_paid_content":false,"footnotes":""},"categories":[17,18],"tags":[],"class_list":["post-5769","post","type-post","status-publish","format-standard","has-post-thumbnail","hentry","category-actualites","category-equipe-organisatrice"],"jetpack_featured_media_url":"https:\/\/i0.wp.com\/paris.wordcamp.org\/2020\/files\/2020\/02\/stephane-bataillard-phaneste.jpg?fit=2000%2C1802&ssl=1","jetpack_sharing_enabled":true,"jetpack_likes_enabled":true,"_links":{"self":[{"href":"https:\/\/paris.wordcamp.org\/2020\/wp-json\/wp\/v2\/posts\/5769","targetHints":{"allow":["GET"]}}],"collection":[{"href":"https:\/\/paris.wordcamp.org\/2020\/wp-json\/wp\/v2\/posts"}],"about":[{"href":"https:\/\/paris.wordcamp.org\/2020\/wp-json\/wp\/v2\/types\/post"}],"author":[{"embeddable":true,"href":"https:\/\/paris.wordcamp.org\/2020\/wp-json\/wp\/v2\/users\/14257518"}],"replies":[{"embeddable":true,"href":"https:\/\/paris.wordcamp.org\/2020\/wp-json\/wp\/v2\/comments?post=5769"}],"version-history":[{"count":9,"href":"https:\/\/paris.wordcamp.org\/2020\/wp-json\/wp\/v2\/posts\/5769\/revisions"}],"predecessor-version":[{"id":6203,"href":"https:\/\/paris.wordcamp.org\/2020\/wp-json\/wp\/v2\/posts\/5769\/revisions\/6203"}],"wp:featuredmedia":[{"embeddable":true,"href":"https:\/\/paris.wordcamp.org\/2020\/wp-json\/wp\/v2\/media\/5784"}],"wp:attachment":[{"href":"https:\/\/paris.wordcamp.org\/2020\/wp-json\/wp\/v2\/media?parent=5769"}],"wp:term":[{"taxonomy":"category","embeddable":true,"href":"https:\/\/paris.wordcamp.org\/2020\/wp-json\/wp\/v2\/categories?post=5769"},{"taxonomy":"post_tag","embeddable":true,"href":"https:\/\/paris.wordcamp.org\/2020\/wp-json\/wp\/v2\/tags?post=5769"}],"curies":[{"name":"wp","href":"https:\/\/api.w.org\/{rel}","templated":true}]}}