{"id":4302,"date":"2020-02-17T10:00:54","date_gmt":"2020-02-17T09:00:54","guid":{"rendered":"https:\/\/2020.paris.wordcamp.org\/?p=4302"},"modified":"2020-02-19T13:22:00","modified_gmt":"2020-02-19T12:22:00","slug":"portrait-sandra","status":"publish","type":"post","link":"https:\/\/paris.wordcamp.org\/2020\/portrait-sandra\/","title":{"rendered":"Portrait de Sandra"},"content":{"rendered":"\n<h2 class=\"wp-block-heading\">Quelle est ton activit\u00e9 principale ?<\/h2>\n\n\n\n<p class=\"wp-block-paragraph\">Je cr\u00e9e des sites internet pour des artisans, commer\u00e7ants, cr\u00e9ateurs, TPE et PME\u2026 essentiellement des sites ecommerce WooCommerce, des sites catalogues ou des sites vitrines bien sp\u00e9cifiques. En plus de cette activit\u00e9 je d\u00e9veloppe de plus en en plus le conseil li\u00e9 au ecommerce, la communication et l\u2019optimisation du r\u00e9f\u00e9rencement naturel. La maintenance WordPress \/ WooCommerce prend une part de plus en plus importante dans mon travail. Les clients comprennent maintenant davantage que pour faire \u00e9voluer et prolonger le cycle de vie de leur site \u00ab&nbsp;l\u2019entretien et les mises \u00e0 jour techniques&nbsp;\u00bb sont indispensables&nbsp;!!<\/p>\n\n\n\n<h2 class=\"wp-block-heading\">De quoi t\u2019occupes-tu dans l\u2019organisation de ce WordCamp ?<\/h2>\n\n\n\n<p class=\"wp-block-paragraph\">Je g\u00e8re les besoins et l\u2019encadrement des volontaires. Nous avons besoin de b\u00e9n\u00e9voles et de gens qui s\u2019investissent pour organiser et offrir un super WordCamp Paris chaque ann\u00e9e. En plus d\u2019avoir \u00e9t\u00e9 oratrice j\u2019ai souvent \u00e9t\u00e9 volontaires pour le WordCamp Paris et WordCamp Europe. J\u2019aime particuli\u00e8rement cet esprit d\u2019\u00e9quipe li\u00e9e bien s\u00fbr \u00e0 la communaut\u00e9 WordPress qu\u2019elle soit sur Paris ou d\u2019autres r\u00e9gions de France.<\/p>\n\n\n\n<h2 class=\"wp-block-heading\">Parle nous d\u2019un projet WordPress auquel tu as particip\u00e9 et dont tu es particuli\u00e8rement fi\u00e8re. Quel a \u00e9t\u00e9 ton r\u00f4le ? Raconte-nous un peu !<\/h2>\n\n\n\n<p class=\"wp-block-paragraph\">La cr\u00e9ation d\u2019un site ecommerce avec des livraisons et paiement diff\u00e9rents suivant le type de clients \u00ab&nbsp;particuliers&nbsp;\u00bb ou \u00ab&nbsp;professionnels&nbsp;\u00bb, cela incluait \u00e9galement la visibilit\u00e9 de prix HT ou TTC suivant le profil utilisateur et cela sans faire de multi-sites&nbsp;\ud83d\ude09<\/p>\n\n\n\n<p class=\"wp-block-paragraph\">J\u2019ai vraiment beaucoup de plaisir \u00e0 travailler sur ce type de site. Me confronter \u00e0 ces difficult\u00e9s m&rsquo;ont permis d\u2019\u00e9voluer sur les techniques \u00e0 mettre en place.<\/p>\n\n\n\n<h2 class=\"wp-block-heading\">Ton plus gros moment de solitude avec WordPress ?<\/h2>\n\n\n\n<p class=\"wp-block-paragraph\">Les mises en ligne officielles sur des sites ecommerce complexes sont toujours un peu stressantes pour moi\u2026 durant cette phase de mise en production j\u2019\u00e9prouve toujours un moment de solitude un peu particulier&nbsp;\ud83d\ude09<\/p>\n\n\n\n<h2 class=\"wp-block-heading\">Quelle est la conf\u00e9rence qui t\u2019a le plus marqu\u00e9e lors d\u2019un WordCamp ?<\/h2>\n\n\n\n<p class=\"wp-block-paragraph\">Il y en a plusieurs, c\u2019est toujours difficile de faire une s\u00e9lection alors voici celles que je retiens :<\/p>\n\n\n\n<p class=\"wp-block-paragraph\">J\u2019aime les conf\u00e9rences de Nicolas Mercatili, tout d\u2019abord parce-que lors d\u2019une pr\u00e9sentation il d\u00e9gage la passion de son m\u00e9tier mais surtout parce-qu\u2019il pr\u00e9sente des cas concrets qui vont bien au-del\u00e0 des gifs habituels qu\u2019on nous pr\u00e9sente \u2026 ;- ) des cas que nous comprenons et vivons quand nous concevons et g\u00e9rons des sites ecommerce au quotidien avec des clients forc\u00e9ment exigeants sur le SEO :<\/p>\n\n\n\n<p class=\"wp-block-paragraph\">WordCamp Marseille 2019<\/p>\n\n\n\n<figure class=\"wp-block-embed-wordpress-tv wp-block-embed is-type-video wp-embed-aspect-16-9 wp-has-aspect-ratio\"><div class=\"wp-block-embed__wrapper\">\n<iframe title=\"VideoPress Video Player\" aria-label='VideoPress Video Player' width='580' height='326' src='https:\/\/video.wordpress.com\/embed\/yWP8b7Lr?hd=1&amp;cover=1' frameborder='0' allowfullscreen allow='clipboard-write'><\/iframe><script src='https:\/\/v0.wordpress.com\/js\/next\/videopress-iframe.js?m=1674852142'><\/script>\n<\/div><\/figure>\n\n\n\n<p class=\"wp-block-paragraph\">Encore Le WordCamp Mareille 2019 avec Fr\u00e9d\u00e9ric Gilles<\/p>\n\n\n\n<p class=\"wp-block-paragraph\">M\u00eame si je n\u2019ai pu me rendre \u00e0 Marseille en 2019 j\u2019ai visionn\u00e9 la conf\u00e9rence de Fr\u00e9d\u00e9ric Gilles, migrer un site Joomla vers WordPress, et cette conf\u00e9rence m\u2019a paru vraiment int\u00e9ressante, je pense qu\u2019elle peut int\u00e9resser beaucoup de monde, elle m\u00e9rite d\u2019\u00eatre soulign\u00e9e (merci \u00e0 lui) :<\/p>\n\n\n\n<figure class=\"wp-block-embed-wordpress-tv wp-block-embed is-type-video wp-embed-aspect-16-9 wp-has-aspect-ratio\"><div class=\"wp-block-embed__wrapper\">\n<iframe title=\"VideoPress Video Player\" aria-label='VideoPress Video Player' width='580' height='326' src='https:\/\/video.wordpress.com\/embed\/ls24yMmv?hd=1&amp;cover=1' frameborder='0' allowfullscreen allow='clipboard-write'><\/iframe><script src='https:\/\/v0.wordpress.com\/js\/next\/videopress-iframe.js?m=1674852142'><\/script>\n<\/div><\/figure>\n\n\n\n<p class=\"wp-block-paragraph\">R\u00e9mi Corson avec cette conf\u00e9rence au WordCamp Bordeaux, m\u00eame si elle date un peu maintenant (2017), elle reste importante car je pense qu\u2019elle souligne un r\u00e9el tournant de la fulgurante \u00e9volution de WooCommerce en France :<\/p>\n\n\n\n<figure class=\"wp-block-embed-wordpress-tv wp-block-embed is-type-video wp-embed-aspect-4-3 wp-has-aspect-ratio\"><div class=\"wp-block-embed__wrapper\">\n<iframe title=\"VideoPress Video Player\" aria-label='VideoPress Video Player' width='580' height='332' src='https:\/\/video.wordpress.com\/embed\/9Z1ppxcH?hd=1&amp;cover=1' frameborder='0' allowfullscreen allow='clipboard-write'><\/iframe><script src='https:\/\/v0.wordpress.com\/js\/next\/videopress-iframe.js?m=1674852142'><\/script>\n<\/div><\/figure>\n\n\n\n<p class=\"wp-block-paragraph\">Enfin pour conclure, la Conf\u00e9rence d\u2019\u00c9milie Lebrun au WordCamp Nice en 2018, comment devenir une agence WordPress, son exp\u00e9rience et son v\u00e9cu me parle, c\u2019est une femme de talent dans notre communaut\u00e9 WordPress Fran\u00e7aise (bien entendu elle n\u2019est pas la seule) mais ses conf\u00e9rences sont toujours enrichissantes :<\/p>\n\n\n\n<figure class=\"wp-block-embed-wordpress-tv wp-block-embed is-type-video wp-embed-aspect-16-9 wp-has-aspect-ratio\"><div class=\"wp-block-embed__wrapper\">\n<iframe title=\"VideoPress Video Player\" aria-label='VideoPress Video Player' width='580' height='326' src='https:\/\/video.wordpress.com\/embed\/AnJCJam4?hd=1&amp;cover=1' frameborder='0' allowfullscreen allow='clipboard-write'><\/iframe><script src='https:\/\/v0.wordpress.com\/js\/next\/videopress-iframe.js?m=1674852142'><\/script>\n<\/div><\/figure>\n\n\n\n<h2 class=\"wp-block-heading\">Retrouvez Sandra sur&#8230;<\/h2>\n\n\n\n<p class=\"wp-block-paragraph\"><a rel=\"noreferrer noopener\" aria-label=\" (ouverture dans un nouvel onglet)\" href=\"https:\/\/www.web18.net\/\" target=\"_blank\">www.web18.net<\/a><br>Son compte <a rel=\"noreferrer noopener\" aria-label=\"Twitter (ouverture dans un nouvel onglet)\" href=\"https:\/\/twitter.com\/Web18_Paris\" target=\"_blank\">Twitter<\/a> <br>Son profil <a rel=\"noreferrer noopener\" aria-label=\"LinkedIn (ouverture dans un nouvel onglet)\" href=\"https:\/\/www.linkedin.com\/in\/web18\/\" target=\"_blank\">LinkedIn<\/a> <br>Sa page <a rel=\"noreferrer noopener\" aria-label=\"Facebook (ouverture dans un nouvel onglet)\" href=\"https:\/\/www.facebook.com\/Web18\/\" target=\"_blank\">Facebook<\/a>\u00a0<\/p>\n","protected":false},"excerpt":{"rendered":"<p>Quelle est ton activit\u00e9 principale ? Je cr\u00e9e des sites internet pour des artisans, commer\u00e7ants, cr\u00e9ateurs, TPE et PME\u2026 essentiellement des sites ecommerce WooCommerce, des sites catalogues ou des sites vitrines bien sp\u00e9cifiques. En plus de cette activit\u00e9 je d\u00e9veloppe de plus en en plus le conseil li\u00e9 au ecommerce, la communication et l\u2019optimisation du [&hellip;]<\/p>\n","protected":false},"author":13661500,"featured_media":4563,"comment_status":"open","ping_status":"open","sticky":false,"template":"templates\/template-cover.php","format":"standard","meta":{"_crdt_document":"","jetpack_post_was_ever_published":false,"_jetpack_newsletter_access":"","_jetpack_dont_email_post_to_subs":false,"_jetpack_newsletter_tier_id":0,"_jetpack_memberships_contains_paywalled_content":false,"_jetpack_memberships_contains_paid_content":false,"footnotes":""},"categories":[17,18],"tags":[],"class_list":["post-4302","post","type-post","status-publish","format-standard","has-post-thumbnail","hentry","category-actualites","category-equipe-organisatrice"],"jetpack_featured_media_url":"https:\/\/i0.wp.com\/paris.wordcamp.org\/2020\/files\/2019\/12\/sandra-boulou-web18-scaled.jpg?fit=2560%2C1212&ssl=1","jetpack_sharing_enabled":true,"jetpack_likes_enabled":true,"_links":{"self":[{"href":"https:\/\/paris.wordcamp.org\/2020\/wp-json\/wp\/v2\/posts\/4302","targetHints":{"allow":["GET"]}}],"collection":[{"href":"https:\/\/paris.wordcamp.org\/2020\/wp-json\/wp\/v2\/posts"}],"about":[{"href":"https:\/\/paris.wordcamp.org\/2020\/wp-json\/wp\/v2\/types\/post"}],"author":[{"embeddable":true,"href":"https:\/\/paris.wordcamp.org\/2020\/wp-json\/wp\/v2\/users\/13661500"}],"replies":[{"embeddable":true,"href":"https:\/\/paris.wordcamp.org\/2020\/wp-json\/wp\/v2\/comments?post=4302"}],"version-history":[{"count":19,"href":"https:\/\/paris.wordcamp.org\/2020\/wp-json\/wp\/v2\/posts\/4302\/revisions"}],"predecessor-version":[{"id":6357,"href":"https:\/\/paris.wordcamp.org\/2020\/wp-json\/wp\/v2\/posts\/4302\/revisions\/6357"}],"wp:featuredmedia":[{"embeddable":true,"href":"https:\/\/paris.wordcamp.org\/2020\/wp-json\/wp\/v2\/media\/4563"}],"wp:attachment":[{"href":"https:\/\/paris.wordcamp.org\/2020\/wp-json\/wp\/v2\/media?parent=4302"}],"wp:term":[{"taxonomy":"category","embeddable":true,"href":"https:\/\/paris.wordcamp.org\/2020\/wp-json\/wp\/v2\/categories?post=4302"},{"taxonomy":"post_tag","embeddable":true,"href":"https:\/\/paris.wordcamp.org\/2020\/wp-json\/wp\/v2\/tags?post=4302"}],"curies":[{"name":"wp","href":"https:\/\/api.w.org\/{rel}","templated":true}]}}