{"id":4284,"date":"2019-12-06T14:43:11","date_gmt":"2019-12-06T13:43:11","guid":{"rendered":"https:\/\/2020.paris.wordcamp.org\/?p=4284"},"modified":"2020-02-25T11:46:37","modified_gmt":"2020-02-25T10:46:37","slug":"portrait-mathilde","status":"publish","type":"post","link":"https:\/\/paris.wordcamp.org\/2020\/portrait-mathilde\/","title":{"rendered":"Portrait de Mathilde"},"content":{"rendered":"\n<h2 class=\"wp-block-heading\">Quelle est ton activit\u00e9 principale ?<\/h2>\n\n\n\n<p class=\"wp-block-paragraph\">Issue d&rsquo;une formation artistique aux Arts d\u00e9co de Paris, je suis designer graphique et designer UI, je propose \u00e0 mes clients un accompagnement global pour la cr\u00e9ation de leur identit\u00e9 de marque et la mise en place d\u2019une strat\u00e9gie digitale adapt\u00e9e.<br>J&rsquo;utilise WordPress pour cr\u00e9er des sites vitrine et des boutiques en ligne&#8230;<br>J&rsquo;aime particuli\u00e8rement le CSS, la mise en page, la couleur, la typographie, les images, en r\u00e9sum\u00e9 tout ce qui compose une identit\u00e9 visuelle&#8230;<\/p>\n\n\n\n<h2 class=\"wp-block-heading\">De quoi t\u2019occupes-tu dans l\u2019organisation de ce WordCamp ?<\/h2>\n\n\n\n<p class=\"wp-block-paragraph\">Je suis charg\u00e9e de communication, avec <a rel=\"noreferrer noopener\" aria-label=\"B\u00e9ryl (ouverture dans un nouvel onglet)\" href=\"https:\/\/2020.paris.wordcamp.org\/portrait-de-beryl\/\" target=\"_blank\">B\u00e9ryl<\/a>, et <a rel=\"noreferrer noopener\" aria-label=\"Samira (ouverture dans un nouvel onglet)\" href=\"\/portrait-de-samira\/\" target=\"_blank\">Samira<\/a> qui nous a rejoint pour les r\u00e9seaux sociaux\u2026<\/p>\n\n\n\n<h2 class=\"wp-block-heading\">Parle nous d\u2019un projet WordPress auquel tu as particip\u00e9 et dont tu es particuli\u00e8rement fi\u00e8re. Quel a \u00e9t\u00e9 ton r\u00f4le ? Raconte-nous un peu !<\/h2>\n\n\n\n<p class=\"wp-block-paragraph\">J\u2019aime beaucoup le projet que je suis en train de terminer en ce moment : j\u2019ai cr\u00e9e, pour un cabinet d\u2019avocats, une identit\u00e9 visuelle que j\u2019ai d\u00e9clin\u00e9e sur papier et en ligne : logo, cartes de visite, papier \u00e0 lettres, site WordPress\u2026&nbsp;<br>A chaque fois ce genre de projet est une aventure cr\u00e9ative passionnante : il n\u2019y a rien au d\u00e9part, et je cherche, seule de mon c\u00f4t\u00e9, et \u00e0 travers la relation que j\u2019entretiens avec mon client, comment construire une identit\u00e9 coh\u00e9rente\u2026<br>L\u2019occasion aussi, j\u2019essaie de prendre du temps pour \u00e7a, de chercher diff\u00e9rentes id\u00e9es de mises en forme dans WordPress, ce que j&rsquo;adore \ud83d\ude42<\/p>\n\n\n\n<h2 class=\"wp-block-heading\">Ton plus gros moment de solitude avec WordPress ?<\/h2>\n\n\n\n<p class=\"wp-block-paragraph\">La cr\u00e9ation d\u2019une grosse boutique en ligne avec beaucoup de fonctionnalit\u00e9s et des demandes de personnalisation de la part du client tr\u00e8s difficiles \u00e0 r\u00e9aliser : je m\u2019en suis finalement bien sortie (et j\u2019ai beaucoup appris !!). Mais \u00e7a a \u00e9t\u00e9 lourd \u00e0 porter.<\/p>\n\n\n\n<h2 class=\"wp-block-heading\">Quelle est la conf\u00e9rence qui t\u2019a le plus marqu\u00e9e lors d\u2019un WordCamp ?<\/h2>\n\n\n\n<p class=\"wp-block-paragraph\">La conf\u00e9rence de Morten Rand-Hendriksen sur CSS Grid layout, au wordcamp Europe 2017, ainsi qu&rsquo;une formation  avec <a rel=\"noreferrer noopener\" aria-label=\"Gregoire Noyelle (ouverture dans un nouvel onglet)\" href=\"https:\/\/www.gregoirenoyelle.com\/formations-en-ligne\/css-grid-layout\/\" target=\"_blank\">Gregoire Noyelle<\/a> m&rsquo;ont donn\u00e9 vraiment envie d&rsquo;utiliser CSS grid. Ces nouvelles sp\u00e9cifications CSS changent la donne et ouvrent de nouveaux champs d&rsquo;exploration pour le design&#8230;<\/p>\n\n\n\n<figure class=\"wp-block-embed-wordpress-tv wp-block-embed is-type-video wp-embed-aspect-16-9 wp-has-aspect-ratio\"><div class=\"wp-block-embed__wrapper\">\n<iframe title=\"VideoPress Video Player\" aria-label='VideoPress Video Player' width='580' height='326' src='https:\/\/video.wordpress.com\/embed\/PsE9uJCq?hd=1&amp;cover=1' frameborder='0' allowfullscreen allow='clipboard-write'><\/iframe><script src='https:\/\/v0.wordpress.com\/js\/next\/videopress-iframe.js?m=1674852142'><\/script>\n<\/div><\/figure>\n\n\n\n<h2 class=\"wp-block-heading\">Retrouvez Mathilde sur&#8230;<\/h2>\n\n\n\n<p class=\"wp-block-paragraph\"><a rel=\"noreferrer noopener\" aria-label=\"mathilderivoire.fr (ouverture dans un nouvel onglet)\" href=\"https:\/\/www.mathilderivoire.fr\/\" target=\"_blank\">mathilderivoire.fr<\/a><br>Son compte&nbsp;<a href=\"https:\/\/twitter.com\/webdesign_23\">Twitter<\/a><br>Son compte&nbsp;<a href=\"https:\/\/www.instagram.com\/mathilderivoire\/?hl=fr\">Instagram<\/a><br>Son profil&nbsp;<a href=\"https:\/\/www.linkedin.com\/in\/mathilde-rivoire-07937112\/\">LinkedIn<\/a><\/p>\n","protected":false},"excerpt":{"rendered":"<p>Quelle est ton activit\u00e9 principale ? Issue d&rsquo;une formation artistique aux Arts d\u00e9co de Paris, je suis designer graphique et designer UI, je propose \u00e0 mes clients un accompagnement global pour la cr\u00e9ation de leur identit\u00e9 de marque et la mise en place d\u2019une strat\u00e9gie digitale adapt\u00e9e.J&rsquo;utilise WordPress pour cr\u00e9er des sites vitrine et des [&hellip;]<\/p>\n","protected":false},"author":14328707,"featured_media":4666,"comment_status":"open","ping_status":"open","sticky":false,"template":"templates\/template-cover.php","format":"standard","meta":{"_crdt_document":"","jetpack_post_was_ever_published":false,"_jetpack_newsletter_access":"","_jetpack_dont_email_post_to_subs":false,"_jetpack_newsletter_tier_id":0,"_jetpack_memberships_contains_paywalled_content":false,"_jetpack_memberships_contains_paid_content":false,"footnotes":""},"categories":[17,18],"tags":[],"class_list":["post-4284","post","type-post","status-publish","format-standard","has-post-thumbnail","hentry","category-actualites","category-equipe-organisatrice"],"jetpack_featured_media_url":"https:\/\/i0.wp.com\/paris.wordcamp.org\/2020\/files\/2019\/12\/moi-st-privat.jpg?fit=2000%2C1334&ssl=1","jetpack_sharing_enabled":true,"jetpack_likes_enabled":true,"_links":{"self":[{"href":"https:\/\/paris.wordcamp.org\/2020\/wp-json\/wp\/v2\/posts\/4284","targetHints":{"allow":["GET"]}}],"collection":[{"href":"https:\/\/paris.wordcamp.org\/2020\/wp-json\/wp\/v2\/posts"}],"about":[{"href":"https:\/\/paris.wordcamp.org\/2020\/wp-json\/wp\/v2\/types\/post"}],"author":[{"embeddable":true,"href":"https:\/\/paris.wordcamp.org\/2020\/wp-json\/wp\/v2\/users\/14328707"}],"replies":[{"embeddable":true,"href":"https:\/\/paris.wordcamp.org\/2020\/wp-json\/wp\/v2\/comments?post=4284"}],"version-history":[{"count":37,"href":"https:\/\/paris.wordcamp.org\/2020\/wp-json\/wp\/v2\/posts\/4284\/revisions"}],"predecessor-version":[{"id":6509,"href":"https:\/\/paris.wordcamp.org\/2020\/wp-json\/wp\/v2\/posts\/4284\/revisions\/6509"}],"wp:featuredmedia":[{"embeddable":true,"href":"https:\/\/paris.wordcamp.org\/2020\/wp-json\/wp\/v2\/media\/4666"}],"wp:attachment":[{"href":"https:\/\/paris.wordcamp.org\/2020\/wp-json\/wp\/v2\/media?parent=4284"}],"wp:term":[{"taxonomy":"category","embeddable":true,"href":"https:\/\/paris.wordcamp.org\/2020\/wp-json\/wp\/v2\/categories?post=4284"},{"taxonomy":"post_tag","embeddable":true,"href":"https:\/\/paris.wordcamp.org\/2020\/wp-json\/wp\/v2\/tags?post=4284"}],"curies":[{"name":"wp","href":"https:\/\/api.w.org\/{rel}","templated":true}]}}