{"id":158,"date":"2019-12-09T15:08:01","date_gmt":"2019-12-09T14:08:01","guid":{"rendered":"https:\/\/2020.paris.wordcamp.org\/?p=158"},"modified":"2020-01-20T17:20:27","modified_gmt":"2020-01-20T16:20:27","slug":"appel-a-co-organisateur%c2%b7rice%c2%b7s","status":"publish","type":"post","link":"https:\/\/paris.wordcamp.org\/2020\/appel-a-co-organisateur%c2%b7rice%c2%b7s\/","title":{"rendered":"[Ferm\u00e9] Appel \u00e0 Organisateur\u00b7rice\u00b7s \ud83d\udce2"},"content":{"rendered":"\n<h2 class=\"wp-block-heading\">TiTi  is back !<\/h2>\n\n\n\n<p class=\"wp-block-paragraph\">Le WordCamp Paris 2020 se pr\u00e9pare et aura lieu au printemps ! Il est content le TiTi ! Et nous aussi\u2026<\/p>\n\n\n\n<p class=\"wp-block-paragraph\">La douzi\u00e8me \u00e9dition parisienne se tiendra donc le 17 avril 2020, <a href=\"https:\/\/2020.paris.wordcamp.org\/lieu-campus-malesherbes\" target=\"_blank\" rel=\"noreferrer noopener\" aria-label=\"au campus Malesherbes (opens in a new tab)\">au campus Malesherbes<\/a> de l\u2019universit\u00e9 de la Sorbonne que certains d\u2019entre-vous ont d\u00e9j\u00e0 pu appr\u00e9cier l\u2019ann\u00e9e derni\u00e8re. Un lieu id\u00e9al pour \u00e9changer, apprendre et se retrouver. <a rel=\"noreferrer noopener\" aria-label=\"L\u2019ann\u00e9e derni\u00e8re (opens in a new tab)\" href=\"https:\/\/www.flickr.com\/groups\/wordcampparis\/\" target=\"_blank\">L\u2019ann\u00e9e derni\u00e8re<\/a>, nous en avions bien profit\u00e9 et on compte bien faire pareil cette ann\u00e9e ! <\/p>\n\n\n\n<p class=\"wp-block-paragraph\">Et pour que cet \u00e9v\u00e8nement soit r\u00e9ussi, il nous faut une \u00e9quipe d\u2019organisateur\u00b7rice\u00b7s au top ! <\/p>\n\n\n\n<!--more-->\n\n\n\n<h2 class=\"wp-block-heading\">Rejoignez l\u2019\u00e9quipe \ud83d\udcaa<\/h2>\n\n\n\n<p class=\"wp-block-paragraph\">L\u2019\u00e9quipe d\u2019organisation du WordCamp Paris se renouvelle pour partie depuis 2018, \u00e9dition au cours de laquelle nous avions introduit ce nouveau type d\u2019appel \u00e0 contributions. Cette ouverture permet aux \u00ab&nbsp;anciens&nbsp;\u00bb de transmettre et aux \u00ab&nbsp;nouveaux&nbsp;\u00bb de participer en renouvelant les experiences de chacun.<br>Vous habitez en r\u00e9gion parisienne, avez d\u00e9j\u00e0 particip\u00e9 \u00e0 l\u2019organisation d\u2019un WordCamp ou de rencontres locales WordPress ? Ce sont des atouts ind\u00e9niables ! Mais sachez aussi que <strong>toutes les candidatures sont les bienvenues<\/strong> et seront \u00e9tudi\u00e9es. <\/p>\n\n\n\n<h2 class=\"wp-block-heading\">Qui peut candidater ?<\/h2>\n\n\n\n<p class=\"wp-block-paragraph\">Tout le monde ! Si vous \u00eates dispos\u00e9\u00b7e \u00e0 consacrer du temps et de l\u2019\u00e9nergie \u00e0 la r\u00e9ussite du WordCamp Paris 2020, si vous \u00eates pr\u00eat\u00b7e \u00e0 apporter vos id\u00e9es, vos solutions au sein d\u2019une \u00e9quipe bienveillante, vous \u00eates bienvenu\u00b7e !<br>Participer \u00e0 l\u2019organisation d\u2019un WordCamp est une exp\u00e9rience tr\u00e8s gratifiante, c\u2019est \u00e9galement la possibilit\u00e9 d\u2019apprendre des autres et une belle fa\u00e7on de contribuer \u00e0 WordPress. Chacun\u00b7e a ainsi l\u2019occasion d\u2019apporter ses comp\u00e9tences, son exp\u00e9rience, mais aussi ses centres d\u2019int\u00e9r\u00eats et son enthousiasme pour construire une \u00e9quipe de choc et contribuer plus largement \u00e0 ce projet communautaire. <\/p>\n\n\n\n<h2 class=\"wp-block-heading\">C\u2019est une fille !<\/h2>\n\n\n\n<p class=\"wp-block-paragraph\">Pour <strong>orienter<\/strong> toutes ces bonnes volont\u00e9s, il nous faut \u00e9galement une personne qui <strong>coordonne<\/strong> et garde le cap. Apr\u00e8s deux ann\u00e9es de <em>lead<\/em> de Mathieu, et comme il l\u2019avait annonc\u00e9 au moment d\u2019initier l\u2019\u00e9dition 2019, Mathieu alias <em>imath<\/em> passe le relais et <em>guess what ?<\/em> <strong>It\u2019s a girrrl !<\/strong> Marjorie assure donc la coordination de cette \u00e9dition 2020 et aura la charge de faire en sorte que \u00ab&nbsp;\u00e7a roule ma poule&nbsp;\u00bb.<\/p>\n\n\n\n<h2 class=\"wp-block-heading\">\u00catre <em>orga<\/em>, c\u2019est aussi contribuer \u00e0 WordPress<\/h2>\n\n\n\n<p class=\"wp-block-paragraph\">Faisant preuve d\u2019ouverture, de disponibilit\u00e9, de bienveillance, d\u2019initiatives, d\u2019autonomie et parfois d\u2019une grande patience, un\u00b7e organisateur\u00b7rice est un\u00b7e bon\u00b7ne citoyen\u00b7ne de l\u2019<em>Open Source<\/em> qui respecte et fait respecter la<a href=\"https:\/\/2020.paris.wordcamp.org\/charte-des-wordcamps\/\"> charte des WordCamps<\/a> et notre<a href=\"https:\/\/2020.paris.wordcamp.org\/code-de-conduite\/\"> code de conduite<\/a>.<\/p>\n\n\n\n<p class=\"wp-block-paragraph\">L\u2019organisateur\u00b7rice s\u2019engage <strong>b\u00e9n\u00e9volement<\/strong> \u00e0 contribuer \u00e0 la pr\u00e9paration du WordCamp, est <strong>responsable<\/strong> d\u2019un ou plusieurs p\u00e9rim\u00e8tres de t\u00e2ches de ce projet de rassemblement communautaire, et garde \u00e0 l\u2019esprit qu\u2019en tant que<a rel=\"noreferrer noopener\" href=\"https:\/\/make.wordpress.org\/community\/handbook\/wordcamp-organizer\/become-an-organizer\/representing-wordpress\/\" target=\"_blank\"> repr\u00e9sentant\u00b7e de WordPress<\/a> il est important de veiller au respect de sa marque et de sa licence GPL.<\/p>\n\n\n\n<p class=\"wp-block-paragraph\">Durant l\u2019\u00e9v\u00e9nement, il\u00b7elle int\u00e8gre naturellement l\u2019\u00e9quipe des volontaires charg\u00e9e d\u2019assister et d\u2019orienter les participant\u00b7e\u00b7s, les orateur\u00b7rice\u00b7s et les sponsors.<\/p>\n\n\n\n<h2 class=\"wp-block-heading\">Proposer votre candidature&nbsp;!<\/h2>\n\n\n\n<p class=\"wp-block-paragraph\">Pour r\u00e9pondre \u00e0 l\u2019appel, direction le formulaire de candidature ci-dessous. <\/p>\n\n\n\n<figure class=\"wp-block-embed-crowdsignal wp-block-embed is-type-rich is-provider-crowdsignal\"><div class=\"wp-block-embed__wrapper\"><div class=\"cs-embed pd-embed\" data-settings=\"{&quot;type&quot;:&quot;iframe&quot;,&quot;auto&quot;:true,&quot;domain&quot;:&quot;wordcampparis.survey.fm\/&quot;,&quot;id&quot;:&quot;appel-a-organisateurs-2020&quot;,&quot;site&quot;:&quot;crowdsignal.com&quot;}\"><\/div><noscript><a href=\"https:\/\/wordcampparis.survey.fm\/appel-a-organisateurs-2020\" target=\"_blank\" rel=\"noopener noreferrer\">R\u00e9pondre \u00e0 notre questionnaire<\/a><\/noscript><\/div><\/figure>\n\n\n\n<p style=\"background-color:#002336\" class=\"has-text-color has-background has-background-color wp-block-paragraph\">NB : dans ce formulaire, vous pourrez pr\u00e9ciser : votre niveau d\u2019investissement (organisateur\u00b7rice \u00e0 part enti\u00e8re ou pour venir en renfort), votre int\u00e9r\u00eat et\/ou talent pour un ou plusieurs domaines d\u2019organisation\u2026<\/p>\n\n\n\n<p class=\"wp-block-paragraph\">La date limite de candidature est fix\u00e9e au <strong>9 janvier 2020<\/strong>. Ne tardez pas trop pour vous faire conna\u00eetre, nous avons besoin de lancer la pr\u00e9paration de l\u2019\u00e9v\u00e8nement tr\u00e8s vite. <\/p>\n\n\n\n<h2 class=\"wp-block-heading\">\u00c0 venir<\/h2>\n\n\n\n<p class=\"wp-block-paragraph\">Dans les semaines \u00e0<strong> <\/strong>venir seront publi\u00e9s : l\u2019appel \u00e0 orateurs, l\u2019appel \u00e0 sponsors, le programme des conf\u00e9rences, l\u2019ouverture de la billetterie et bien plus encore ! Soyez pr\u00eats \ud83d\ude09<\/p>\n\n\n\n<h2 class=\"wp-block-heading\">Tenez-vous au jus\u2026<\/h2>\n\n\n\n<p class=\"wp-block-paragraph\">Et pour ne pas en rater une miette, suivez-nous sur <a href=\"https:\/\/twitter.com\/WordCampParis\">Twitter<\/a>.<\/p>\n\n\n\n<div class=\"wp-block-group\"><div class=\"wp-block-group__inner-container is-layout-flow wp-block-group-is-layout-flow\">\n<div class=\"wp-block-group\"><div class=\"wp-block-group__inner-container is-layout-flow wp-block-group-is-layout-flow\">\n<figure class=\"wp-block-embed-twitter aligncenter wp-block-embed is-type-rich is-provider-twitter\"><div class=\"wp-block-embed__wrapper\">\n<a class=\"twitter-timeline\" data-width=\"580\" data-height=\"870\" data-dnt=\"true\" href=\"https:\/\/twitter.com\/WordCampParis?ref_src=twsrc%5Etfw\">Tweets by WordCampParis<\/a><script async src=\"https:\/\/platform.twitter.com\/widgets.js\" charset=\"utf-8\"><\/script>\n<\/div><\/figure>\n<\/div><\/div>\n<\/div><\/div>\n\n\n\n<figure class=\"wp-block-image size-large\"><img data-recalc-dims=\"1\" loading=\"lazy\" decoding=\"async\" width=\"1000\" height=\"666\" src=\"https:\/\/i0.wp.com\/2020.paris.wordcamp.org\/files\/2019\/11\/wcparis2019-ccby-christopheperrin-equipe-2019-1024x682.jpg?resize=1000%2C666&#038;ssl=1\" alt=\"\" class=\"wp-image-675\" srcset=\"https:\/\/i0.wp.com\/paris.wordcamp.org\/2020\/files\/2019\/11\/wcparis2019-ccby-christopheperrin-equipe-2019.jpg?resize=1024%2C682&amp;ssl=1 1024w, https:\/\/i0.wp.com\/paris.wordcamp.org\/2020\/files\/2019\/11\/wcparis2019-ccby-christopheperrin-equipe-2019.jpg?resize=300%2C200&amp;ssl=1 300w, https:\/\/i0.wp.com\/paris.wordcamp.org\/2020\/files\/2019\/11\/wcparis2019-ccby-christopheperrin-equipe-2019.jpg?resize=768%2C512&amp;ssl=1 768w, https:\/\/i0.wp.com\/paris.wordcamp.org\/2020\/files\/2019\/11\/wcparis2019-ccby-christopheperrin-equipe-2019.jpg?resize=450%2C300&amp;ssl=1 450w, https:\/\/i0.wp.com\/paris.wordcamp.org\/2020\/files\/2019\/11\/wcparis2019-ccby-christopheperrin-equipe-2019.jpg?resize=1536%2C1023&amp;ssl=1 1536w, https:\/\/i0.wp.com\/paris.wordcamp.org\/2020\/files\/2019\/11\/wcparis2019-ccby-christopheperrin-equipe-2019.jpg?resize=1200%2C800&amp;ssl=1 1200w, https:\/\/i0.wp.com\/paris.wordcamp.org\/2020\/files\/2019\/11\/wcparis2019-ccby-christopheperrin-equipe-2019.jpg?w=1600&amp;ssl=1 1600w\" sizes=\"auto, (max-width: 1000px) 100vw, 1000px\" \/><figcaption>Tous en sc\u00e8ne \u00e0 la cl\u00f4ture du WordCamp Paris 2019. Photo CC by <a rel=\"noreferrer noopener\" aria-label=\"Christophe Perrin (opens in a new tab)\" href=\"https:\/\/www.flickr.com\/photos\/139177850@N08\/\" target=\"_blank\">Christophe Perrin<\/a>.<\/figcaption><\/figure>\n","protected":false},"excerpt":{"rendered":"<p>TiTi is back ! Le WordCamp Paris 2020 se pr\u00e9pare et aura lieu au printemps ! Il est content le TiTi ! Et nous aussi\u2026 La douzi\u00e8me \u00e9dition parisienne se tiendra donc le 17 avril 2020, au campus Malesherbes de l\u2019universit\u00e9 de la Sorbonne que certains d\u2019entre-vous ont d\u00e9j\u00e0 pu appr\u00e9cier l\u2019ann\u00e9e derni\u00e8re. Un lieu [&hellip;]<\/p>\n","protected":false},"author":15675991,"featured_media":171,"comment_status":"open","ping_status":"open","sticky":false,"template":"templates\/template-cover.php","format":"standard","meta":{"_crdt_document":"","jetpack_post_was_ever_published":false,"_jetpack_newsletter_access":"","_jetpack_dont_email_post_to_subs":false,"_jetpack_newsletter_tier_id":0,"_jetpack_memberships_contains_paywalled_content":false,"_jetpack_memberships_contains_paid_content":false,"footnotes":""},"categories":[17,16],"tags":[],"class_list":["post-158","post","type-post","status-publish","format-standard","has-post-thumbnail","hentry","category-actualites","category-appels-a-contributions"],"jetpack_featured_media_url":"https:\/\/i0.wp.com\/paris.wordcamp.org\/2020\/files\/2019\/11\/wcparis2019-ccby-christopheperrin-equipe.jpg?fit=2000%2C1200&ssl=1","jetpack_sharing_enabled":true,"jetpack_likes_enabled":true,"_links":{"self":[{"href":"https:\/\/paris.wordcamp.org\/2020\/wp-json\/wp\/v2\/posts\/158","targetHints":{"allow":["GET"]}}],"collection":[{"href":"https:\/\/paris.wordcamp.org\/2020\/wp-json\/wp\/v2\/posts"}],"about":[{"href":"https:\/\/paris.wordcamp.org\/2020\/wp-json\/wp\/v2\/types\/post"}],"author":[{"embeddable":true,"href":"https:\/\/paris.wordcamp.org\/2020\/wp-json\/wp\/v2\/users\/15675991"}],"replies":[{"embeddable":true,"href":"https:\/\/paris.wordcamp.org\/2020\/wp-json\/wp\/v2\/comments?post=158"}],"version-history":[{"count":74,"href":"https:\/\/paris.wordcamp.org\/2020\/wp-json\/wp\/v2\/posts\/158\/revisions"}],"predecessor-version":[{"id":5482,"href":"https:\/\/paris.wordcamp.org\/2020\/wp-json\/wp\/v2\/posts\/158\/revisions\/5482"}],"wp:featuredmedia":[{"embeddable":true,"href":"https:\/\/paris.wordcamp.org\/2020\/wp-json\/wp\/v2\/media\/171"}],"wp:attachment":[{"href":"https:\/\/paris.wordcamp.org\/2020\/wp-json\/wp\/v2\/media?parent=158"}],"wp:term":[{"taxonomy":"category","embeddable":true,"href":"https:\/\/paris.wordcamp.org\/2020\/wp-json\/wp\/v2\/categories?post=158"},{"taxonomy":"post_tag","embeddable":true,"href":"https:\/\/paris.wordcamp.org\/2020\/wp-json\/wp\/v2\/tags?post=158"}],"curies":[{"name":"wp","href":"https:\/\/api.w.org\/{rel}","templated":true}]}}