{"id":978,"date":"2017-11-02T18:13:57","date_gmt":"2017-11-02T17:13:57","guid":{"rendered":"https:\/\/2018.paris.wordcamp.org\/?p=978"},"modified":"2017-11-02T22:21:45","modified_gmt":"2017-11-02T21:21:45","slug":"julio-potier-et-lencadrement-des-orateurs","status":"publish","type":"post","link":"https:\/\/paris.wordcamp.org\/2018\/julio-potier-et-lencadrement-des-orateurs\/","title":{"rendered":"Julio Potier et l&rsquo;encadrement des orateurs"},"content":{"rendered":"\r\n<p class=\"wp-block-paragraph\"><em>Julio est un serial orateur. Avec cette exp\u00e9rience, il a le profil parfait pour s&rsquo;occuper des orateurs du WordCamp Paris 2018.<\/em><br \/><em>Il est partout, comme il nous<\/em> <em>l&rsquo;explique !<\/em><!--more--><\/p>\r\n\r\n<h2 class=\"wp-block-heading\">Tu peux te pr\u00e9senter en quelques mots ?<\/h2>\r\n\r\n<p class=\"wp-block-paragraph\">Je suis <strong>Julio Potier<\/strong>, j&rsquo;habite \u00e0 Arques dans le Pas-de-Calais \u00e0 1h de Lille, 30 mn de la mer et 30mn de la belgique, oui c&rsquo;est tr\u00e8s haut !<\/p>\r\n\r\n<p class=\"wp-block-paragraph\">Je suis fondateur du <a href=\"https:\/\/secupress.me\/fr\/\" rel=\"nofollow\">plugin de s\u00e9curit\u00e9 WordPress<\/a> SecuPress, je suis formateur WordPress avanc\u00e9, j&rsquo;\u00e9cris un <a href=\"https:\/\/boiteaweb.fr\/le-loup-du-soir\">magazine papier<\/a> pour le marketing et WordPress, je tiens un <a href=\"https:\/\/boiteaweb.fr\">blog WordPress technique<\/a> et un <a href=\"https:\/\/management79.net\">blog management &amp; leadership<\/a>. Comme on dit souvent \u00ab\u00a0<a href=\"https:\/\/www.seomix.fr\/wp-content\/uploads\/2014\/12\/badge.jpg\"><em>Julio is everywhere<\/em><\/a>\u00ab\u00a0, je partage beaucoup avec tout le monde.<\/p>\r\n\r\n<p>&nbsp;<\/p>\r\n\r\n<figure class=\"wp-block-image\"><img decoding=\"async\" src=\"https:\/\/2018.paris.wordcamp.org\/files\/2017\/11\/bureau-julio-potier.jpg\" \/>\r\n<figcaption>Le bureau de Julio (Cr\u00e9dit photo : Julio Potier)<\/figcaption>\r\n<\/figure>\r\n\r\n<h2 class=\"wp-block-heading\">Quel est ton r\u00f4le dans l\u2019organisation du WordCamp Paris ?<\/h2>\r\n\r\n<p class=\"wp-block-paragraph\">Cette ann\u00e9e 2017 je vais m&rsquo;occuper de tout ce qui touche aux orateurs. Les s\u00e9lectionner avec l&rsquo;\u00e9quipe, puis entrer en contact avec eux, les rassurer sur le d\u00e9roulement de leur conf\u00e9rence, les conseiller sur leur pr\u00e9sentation, leur donner les informations pour qu&rsquo;ils\u00b7elles puissent r\u00e9ussir au mieux leur intervention pour cet \u00e9v\u00e8nement des <strong>10 ans du WordCamp Paris<\/strong>.<\/p>\r\n\r\n<h2 class=\"wp-block-heading\">En deux mots, ce r\u00f4le consiste \u00e0 quoi ?<\/h2>\r\n\r\n<ol class=\"wp-block-list\">\r\n<li>Gestion<\/li>\r\n<li>Orateur<\/li>\r\n<\/ol>\r\n\r\n<h2 class=\"wp-block-heading\">La premi\u00e8re fois que tu as utilis\u00e9 WordPress, c\u2019\u00e9tait pour&#8230;<\/h2>\r\n\r\n<p class=\"wp-block-paragraph\">Pour cr\u00e9er un blog photo de ma premi\u00e8re fille afin que la famille distante ait acc\u00e8s sans devoir utiliser un service de cloud qui est moins joli et flexible. <strong>C&rsquo;\u00e9tait en 2009.<\/strong><\/p>\r\n\r\n<h2 class=\"wp-block-heading\">Tu l\u2019as imm\u00e9diatement adopt\u00e9 ?<\/h2>\r\n\r\n<p class=\"wp-block-paragraph\">On peut dire que oui. J&rsquo;ai t\u00e9l\u00e9charg\u00e9 Joomla!, WordPress et Drupal afin de faire le choix d&rsquo;un CMS. Je ne suis pas parvenu \u00e0 faire ce que je voulais avec Joomla! en 1 jour et en regardant comment on cr\u00e9e une extension, j&rsquo;ai trouv\u00e9 \u00e7a compliqu\u00e9.<\/p>\r\n\r\n<p class=\"wp-block-paragraph\">J&rsquo;ai ensuite test\u00e9 WordPress, j&rsquo;ai r\u00e9ussi \u00e0 faire ce que je voulais en quelques heures et <strong>la cr\u00e9ation d&rsquo;extensions \u00e9tait si simple que le soir m\u00eame j&rsquo;avais fait mon 1er plugin.<\/strong><\/p>\r\n\r\n<h2 class=\"wp-block-heading\">Connaissais-tu l\u2019univers de l\u2019open source ?<\/h2>\r\n\r\n<p class=\"wp-block-paragraph\">Pas vraiment non, j&rsquo;\u00e9tais plus un utilisateur de l&rsquo;open source mais pas un contributeur. J&rsquo;ai donc pris go\u00fbt \u00e0 la contribution jusqu&rsquo;\u00e0 m\u00eame avoir <strong>mon nom plusieurs fois dans les cr\u00e9dits de WordPress<\/strong>, pas m\u00e9content !<\/p>\r\n\r\n<h2 class=\"wp-block-heading\">Et maintenant, tu te sers de WordPress pour quoi ?<\/h2>\r\n\r\n<p class=\"wp-block-paragraph\">Je l&rsquo;utilise pour mes propres sites bien s\u00fbr, mais aussi pour donner des formations, ou encore pour la site de mon activit\u00e9 principale dans laquelle je d\u00e9veloppe et vends une extension de s\u00e9curit\u00e9 WordPress.<\/p>\r\n\r\n<h2 class=\"wp-block-heading\">Ton premier WordCamp, c\u2019\u00e9tait o\u00f9 ?<\/h2>\r\n\r\n<p class=\"wp-block-paragraph\">C&rsquo;\u00e9tait \u00e0 Paris en novembre 2011, <strong>j&rsquo;\u00e9tais orateur pour la premi\u00e8re fois<\/strong> en m\u00eame temps sur un sujet de s\u00e9curit\u00e9 des plugins bien s\u00fbr. Depuis j&rsquo;ai donn\u00e9 18 conf\u00e9rences dont 12 dans des WordCamps.<\/p>\r\n\r\n<p>&nbsp;<\/p>\r\n\r\n<figure class=\"wp-block-image\">\r\n<figure style=\"width: 2000px\" class=\"wp-caption alignnone\"><img loading=\"lazy\" decoding=\"async\" src=\"https:\/\/2018.paris.wordcamp.org\/files\/2017\/11\/Julio_Potier.jpg\" alt=\"Julio Potier au WordCamp Paris 2016\" width=\"2000\" height=\"1333\" \/><figcaption class=\"wp-caption-text\">Julio au WordCamp Paris 2016 &#8211; Cr\u00e9dit photo : Manuel Schmalstieg<\/figcaption><\/figure>\r\n<\/figure>\r\n\r\n<h2 class=\"wp-block-heading\">Pour toi un WordCamp r\u00e9ussi, qu&rsquo;est-ce que c&rsquo;est ?<\/h2>\r\n\r\n<p class=\"wp-block-paragraph\">Un WordCamp o\u00f9 on rigole, o\u00f9 on apprend \u00e0 conna\u00eetre d&rsquo;autres gens, o\u00f9 on se fait des amis. Les sujets de conf\u00e9rences ne comptent pas pour la r\u00e9ussite d&rsquo;un camp pour moi. C&rsquo;est tout l&rsquo;\u00e9nergie qui est dedans qui compte.<\/p>\r\n\r\n<h2 class=\"wp-block-heading\">Comment contribues-tu \u00e0 WordPress ?<\/h2>\r\n\r\n<p class=\"wp-block-paragraph\">J&rsquo;aide b\u00e9n\u00e9volement depuis toujours des gens sur twitter ou slack plus r\u00e9cemment, je contribue au core de WordPress en fixant des tickets de bugs ou en en rapportant, j&rsquo;informe la team des plugins du d\u00e9p\u00f4t quand je trouve une vuln\u00e9rabilit\u00e9 dans une extension gratuite, je fais pareil avec les extensions pro en alertant les auteurs (gratuitement aussi).<\/p>\r\n\r\n<h2 class=\"wp-block-heading\">Et dans 10 ans, tu penses continuer \u00e0 participer aux WordCamps ?<\/h2>\r\n\r\n<p class=\"wp-block-paragraph\">Bien s\u00fbr, WordPress met \u00e0 manger sur ma table, je n&rsquo;ai aucune bonne raison de lui tourner le dos. J&rsquo;aime beaucoup le produit lui-m\u00eame, m\u00eame si j&rsquo;ai des reproches \u00e0 lui faire. J&rsquo;aime encore plus la communaut\u00e9 que nous nous sommes construite naturellement.<\/p>\r\n\r\n<h2 class=\"wp-block-heading\">Pour finir, si tu \u00e9tais un Wapuu, tu serais&#8230;<\/h2>\r\n\r\n<p class=\"wp-block-paragraph\">Je devrais dire \u00ab\u00a0Marcel\u00a0\u00bb, le Wapuu fran\u00e7ais car je suis son designer, mais je vais dire \u00ab\u00a0Arno &amp; Ezio\u00a0\u00bb, le Wapuu de SecuPress \ud83d\ude09<\/p>\r\n\r\n<h2 class=\"wp-block-heading\">Est-ce que tu pourrais d\u00e9crire le Wapuu qu\u2019a cr\u00e9\u00e9 Thomas ?<\/h2>\r\n\r\n<p class=\"wp-block-paragraph\">hahaha il est plein de clich\u00e9s, mais j&rsquo;aime bien. J&rsquo;ai cr\u00e9\u00e9 Marcel avec les clich\u00e9s fran\u00e7ais aussi. Il m&rsquo;a mis le chapeau du <strong>hacker white hat (le gentil)<\/strong>, un crochet et le cache-\u0153il de pirate pour la r\u00e9f\u00e9rence \u00e0 mon surnom <strong>\u00ab\u00a0Captain Hook\u00a0\u00bb<\/strong>, puis un gros PC dans les mains comme mon ancien PC, et tous les wapuus dessus comme j&rsquo;ai fait en 2016 (mon MAC est encore pleins de stickers \u2026). Et le ptit logo SecuPress dessus pour ne rien rater. Le fond sur sc\u00e8ne de conf\u00e9rence, je dois en \u00eatre \u00e0 une 20aine d\u00e9j\u00e0.<\/p>\r\n\r\n<p class=\"wp-block-paragraph\">Merci, j&rsquo;aime bien les clich\u00e9s caricaturaux, c&rsquo;est marrant de voir comment les gens vous voient, \u00e0 quoi ils pensent en premier, merci \u00e0 lui, je mets un 10\/10 !<\/p>\r\n<h3>Liens :\u00a0<\/h3>\r\n<p><a href=\"https:\/\/secupress.me\/fr\/\" rel=\"nofollow\">SecuPress<\/a><br \/><a href=\"https:\/\/boiteaweb.fr\/\">BoiteAWeb<\/a><br \/><a href=\"https:\/\/management79.net\/\">Management79<\/a><\/p>\r\n","protected":false},"excerpt":{"rendered":"<p>Julio est un serial orateur. Avec cette exp\u00e9rience, il a le profil parfait pour s&rsquo;occuper des orateurs du WordCamp Paris 2018.Il est partout, comme il nous l&rsquo;explique !<\/p>\n","protected":false},"author":15384044,"featured_media":995,"comment_status":"open","ping_status":"open","sticky":false,"template":"","format":"standard","meta":{"_crdt_document":"","jetpack_post_was_ever_published":false,"_jetpack_newsletter_access":"","_jetpack_dont_email_post_to_subs":false,"_jetpack_newsletter_tier_id":0,"_jetpack_memberships_contains_paywalled_content":false,"_jetpack_memberships_contains_paid_content":false,"footnotes":""},"categories":[39724],"tags":[],"class_list":["post-978","post","type-post","status-publish","format-standard","has-post-thumbnail","hentry","category-interviews"],"jetpack_featured_media_url":"https:\/\/paris.wordcamp.org\/2018\/files\/2017\/11\/wapuu-julio-featured.jpg","jetpack_sharing_enabled":true,"jetpack_shortlink":"https:\/\/wp.me\/p91XyD-fM","_links":{"self":[{"href":"https:\/\/paris.wordcamp.org\/2018\/wp-json\/wp\/v2\/posts\/978","targetHints":{"allow":["GET"]}}],"collection":[{"href":"https:\/\/paris.wordcamp.org\/2018\/wp-json\/wp\/v2\/posts"}],"about":[{"href":"https:\/\/paris.wordcamp.org\/2018\/wp-json\/wp\/v2\/types\/post"}],"author":[{"embeddable":true,"href":"https:\/\/paris.wordcamp.org\/2018\/wp-json\/wp\/v2\/users\/15384044"}],"replies":[{"embeddable":true,"href":"https:\/\/paris.wordcamp.org\/2018\/wp-json\/wp\/v2\/comments?post=978"}],"version-history":[{"count":14,"href":"https:\/\/paris.wordcamp.org\/2018\/wp-json\/wp\/v2\/posts\/978\/revisions"}],"predecessor-version":[{"id":1001,"href":"https:\/\/paris.wordcamp.org\/2018\/wp-json\/wp\/v2\/posts\/978\/revisions\/1001"}],"wp:featuredmedia":[{"embeddable":true,"href":"https:\/\/paris.wordcamp.org\/2018\/wp-json\/wp\/v2\/media\/995"}],"wp:attachment":[{"href":"https:\/\/paris.wordcamp.org\/2018\/wp-json\/wp\/v2\/media?parent=978"}],"wp:term":[{"taxonomy":"category","embeddable":true,"href":"https:\/\/paris.wordcamp.org\/2018\/wp-json\/wp\/v2\/categories?post=978"},{"taxonomy":"post_tag","embeddable":true,"href":"https:\/\/paris.wordcamp.org\/2018\/wp-json\/wp\/v2\/tags?post=978"}],"curies":[{"name":"wp","href":"https:\/\/api.w.org\/{rel}","templated":true}]}}