{"id":856,"date":"2017-10-26T12:53:51","date_gmt":"2017-10-26T10:53:51","guid":{"rendered":"https:\/\/2018.paris.wordcamp.org\/?p=856"},"modified":"2017-11-02T19:10:12","modified_gmt":"2017-11-02T18:10:12","slug":"thomas-villain-et-lidentite-visuelle-du-wordcamp-paris-2018","status":"publish","type":"post","link":"https:\/\/paris.wordcamp.org\/2018\/thomas-villain-et-lidentite-visuelle-du-wordcamp-paris-2018\/","title":{"rendered":"Thomas Villain et l&rsquo;identit\u00e9 visuelle du WordCamp Paris 2018"},"content":{"rendered":"<p><em>Voici le premier article d&rsquo;une s\u00e9rie qui pr\u00e9sentera chacun des organisateurs du WordCamp Paris 2018. Thomas a r\u00e9pondu aux questions que nous a pr\u00e9par\u00e9es <a href=\"https:\/\/twitter.com\/gd6d\">Olivier<\/a>.<\/em> <!--more--><\/p>\r\n\r\n<figure class=\"wp-block-image\"><img decoding=\"async\" src=\"https:\/\/2018.paris.wordcamp.org\/files\/2017\/10\/wapuu-thomas-featured-1.jpg\" \/>\r\n<figcaption>Mon Wapuu (Photo d&rsquo;arri\u00e8re-plan : Bruno Martins)<\/figcaption>\r\n<\/figure>\r\n\r\n<p><em>Thomas a \u00e9tudi\u00e9 les Arts Graphiques. Apr\u00e8s avoir travaill\u00e9 quelques ann\u00e9es en agence, il d\u00e9cide de s&rsquo;installer en freelance. <strong>Il d\u00e9couvre WordPress en 2004<\/strong> et devient progressivement web designer. <strong>Son m\u00e9tier aujourd&rsquo;hui :\u00a0 il cr\u00e9e essentiellement des th\u00e8mes sur mesure.<br \/> <\/strong><\/em><br \/> <em>Il participe \u00e0 la vie de l&rsquo;<strong>association WP Paris<\/strong>. Il est aussi un <strong>contributeur actif \u00e0 WordPress<\/strong> : il traduit des extensions et intervient dans les WordCamps. <\/em><\/p>\r\n<h2>Tu peux te pr\u00e9senter en quelques mots ?<\/h2>\r\n<p>Je m&rsquo;appelle Thomas Villain et en ce moment je partage mon temps entre la for\u00eat de Fontainebleau et les lavandes de la Dr\u00f4me proven\u00e7ale. <strong>Je suis graphiste\/web designer freelance<\/strong> depuis janvier 2009, et sp\u00e9cialis\u00e9 dans la <strong>cr\u00e9ation de th\u00e8mes WordPress<\/strong> <strong>sur-mesure<\/strong>, car c&rsquo;est ce qui m&rsquo;amuse le plus ^^<\/p>\r\n<p><strong>Anybodesign<\/strong>, c&rsquo;est le nom que j&rsquo;ai donn\u00e9 \u00e0 mon atelier. \u00c0 l&rsquo;\u00e9poque c&rsquo;\u00e9tait la mode de se trouver \u00ab\u00a0un nom\u00a0\u00bb. On me trouve d&rsquo;ailleurs sur <a href=\"https:\/\/twitter.com\/anybodesign\">Twitter<\/a>, Slack et ailleurs sous le pseudo <strong>@anybodesign<\/strong>.<\/p>\r\n<figure id=\"attachment_860\" aria-describedby=\"caption-attachment-860\" style=\"width: 700px\" class=\"wp-caption aligncenter\"><img loading=\"lazy\" decoding=\"async\" class=\"wp-image-860 size-full\" src=\"https:\/\/2018.paris.wordcamp.org\/files\/2017\/10\/bureau-thomas-villain.jpg\" alt=\"Le bureau de Thomas Villain, \" width=\"700\" height=\"331\" srcset=\"https:\/\/paris.wordcamp.org\/2018\/files\/2017\/10\/bureau-thomas-villain.jpg 700w, https:\/\/paris.wordcamp.org\/2018\/files\/2017\/10\/bureau-thomas-villain-300x142.jpg 300w, https:\/\/paris.wordcamp.org\/2018\/files\/2017\/10\/bureau-thomas-villain-500x236.jpg 500w\" sizes=\"auto, (max-width: 700px) 100vw, 700px\" \/><figcaption id=\"caption-attachment-860\" class=\"wp-caption-text\">Mon bureau (Photo : Thomas Villain)<\/figcaption><\/figure>\r\n<h2>Quel est ton r\u00f4le dans l\u2019organisation du WordCamp Paris ?<\/h2>\r\n<p>C&rsquo;est la premi\u00e8re fois que je fais partie de l&rsquo;\u00e9quipe organisatrice, et je remercie <a href=\"https:\/\/twitter.com\/imath\">@imath<\/a> de m&rsquo;avoir confi\u00e9 la <strong>cr\u00e9ation de l&rsquo;identit\u00e9 visuelle du WordCamp<\/strong> \ud83d\ude42<\/p>\r\n<h2>En deux mots, ce r\u00f4le consiste \u00e0 quoi ?<\/h2>\r\n<p><strong>Cr\u00e9ation du logo, de l&rsquo;identit\u00e9 de l&rsquo;\u00e9v\u00e9nement et d\u00e9clinaisons sur tous les supports<\/strong> : banni\u00e8res, badge, signal\u00e9tiques, goodies&#8230;. Ah ! Et on pr\u00e9pare aussi des wapuus rigolos ^^<\/p>\r\n<h2>La premi\u00e8re fois que tu as utilis\u00e9 WordPress, c\u2019\u00e9tait pour&#8230;<\/h2>\r\n<p>Pour faire un blog perso. En fait, en 2004, je d\u00e9couvrais\u00a0 la mode des blogs et je voulais voir comment \u00e7a marchait. J&rsquo;ai essay\u00e9 (rapidement) WordPress et j&rsquo;ai finalement retenu Dotclear et bidouill\u00e9 les th\u00e8mes avec du CSS\u2026 Je suis revenu \u00e0 WordPress en 2010 dans le cadre d&rsquo;un boulot de cr\u00e9ation de site que le chef de projet voulait r\u00e9aliser avec WordPress, c&rsquo;est \u00e0 ce moment que j&rsquo;ai fait mon premier th\u00e8me, et tout de suite apr\u00e8s mon deuxi\u00e8me, un th\u00e8me perso.<\/p>\r\n<h2>Tu l\u2019as imm\u00e9diatement adopt\u00e9 ?<\/h2>\r\n<p>\u00c0 partir du moment o\u00f9 je me suis mis \u00e0 apprendre les th\u00e8mes WordPress, je travaillais encore avec des d\u00e9veloppeurs ayant leur propre CMS. (Et j&rsquo;en ai m\u00eame design\u00e9 un ^^). J&rsquo;ai aussi essay\u00e9 d&rsquo;installer Drupal et Joomla (m\u00eame Spip\u2026) mais je n&rsquo;y comprenais rien ! <strong>\u00c0 partir de 2013 je me suis vraiment sp\u00e9cialis\u00e9 WordPress et j&rsquo;ai laiss\u00e9 tomber le reste<\/strong>\u2026 \ud83d\ude42<\/p>\r\n<h2>Connaissais-tu l\u2019univers de l\u2019open source ?<\/h2>\r\n<p>Pas vraiment, pour moi l&rsquo;open source c&rsquo;\u00e9tait Linux et Gimp\u2026 un truc obscur, un truc de geek. J&rsquo;ai vraiment d\u00e9couvert le concept avec WordPress, les plugins, GitHub\u2026 (m\u00eame si j&rsquo;avoue que je ne capte pas toutes les nuances des diff\u00e9rentes licences ^^)<\/p>\r\n<figure id=\"attachment_861\" aria-describedby=\"caption-attachment-861\" style=\"width: 700px\" class=\"wp-caption aligncenter\"><img loading=\"lazy\" decoding=\"async\" class=\"wp-image-861 size-full\" src=\"https:\/\/2018.paris.wordcamp.org\/files\/2017\/10\/Thomas-Villain-WordCamp-Bordeaux-2017.jpg\" alt=\"\" width=\"700\" height=\"394\" srcset=\"https:\/\/paris.wordcamp.org\/2018\/files\/2017\/10\/Thomas-Villain-WordCamp-Bordeaux-2017.jpg 700w, https:\/\/paris.wordcamp.org\/2018\/files\/2017\/10\/Thomas-Villain-WordCamp-Bordeaux-2017-300x169.jpg 300w, https:\/\/paris.wordcamp.org\/2018\/files\/2017\/10\/Thomas-Villain-WordCamp-Bordeaux-2017-500x281.jpg 500w\" sizes=\"auto, (max-width: 700px) 100vw, 700px\" \/><figcaption id=\"caption-attachment-861\" class=\"wp-caption-text\">Mon intervention au WordCamp Bordeaux &#8211; 2017 (Photo : Sandra Boulou)<\/figcaption><\/figure>\r\n<h2>Et maintenant, tu te sers de WordPress pour quoi ?<\/h2>\r\n<p>Pour tous les projets de site qu&rsquo;on me propose, et bien s\u00fbr tous mes projets personnels. L&rsquo;un de ces projet en cours c&rsquo;est une petite boutique de th\u00e8mes semi-sur mesure, mais \u00e7a traine un peu ! J&rsquo;aimerais bien regarder aussi les possibilit\u00e9s de conversions en web apps (avec wpappkit ou wpappninja).<\/p>\r\n<h2>Ton premier WordCamp, c\u2019\u00e9tait o\u00f9 ?<\/h2>\r\n<p>\u00c0 Paris, en janvier 2014. Je voulais aller \u00e0 Paris Web en d\u00e9cembre 2013 mais je l&rsquo;ai loup\u00e9\u2026 J&rsquo;ai ensuite vu passer une annonce pour le WordCamp et il restait des places.<\/p>\r\n<h2>Qu\u2019en avais-tu pens\u00e9 ?<\/h2>\r\n<p>J&rsquo;avais ador\u00e9, et c&rsquo;est d&rsquo;ailleurs \u00e0 partir de ce moment l\u00e0 que j&rsquo;ai fait de plus en plus de WordPress. <strong>J&rsquo;y ai appris plein de choses et suivi plein de gens supers int\u00e9ressant sur Twitter<\/strong> ^^<br \/> Ce qui m&rsquo;a le plus surpris c&rsquo;est la <strong>bienveillance g\u00e9n\u00e9rale de la communaut\u00e9<\/strong> (et j&rsquo;hallucine encore aujourd&rsquo;hui \u00e0 ce niveau). M\u00eame en \u00e9tant un noob, les gens prennent le temps d&rsquo;expliquer, de partager\u2026 il n&rsquo;y a pas de \u00ab\u00a0secret\u00a0\u00bb, pas de \u00ab\u00a0concurrence\u00a0\u00bb entre professionnels, tout le monde partage son savoir, ses astuces. \u00c7a c&rsquo;est vraiment particulier (et g\u00e9nial).<\/p>\r\n<h2>Pour toi un WordCamp r\u00e9ussi, qu&rsquo;est-ce que c&rsquo;est ?<\/h2>\r\n<p>Je vais du coup comparer avec mon premier WordCamp :<\/p>\r\n<ul>\r\n<li>des conf\u00e9rences vari\u00e9es (d\u00e9v, design, retours d&rsquo;exp\u00e9rience\u2026)<\/li>\r\n<li>des formats ateliers pour apprendre pleins de choses (notamment quand on d\u00e9bute)<\/li>\r\n<li>des rencontres et du partage (bar des experts)<\/li>\r\n<li>une bonne ambiance (des gens accessibles, une after)<\/li>\r\n<li>un tshirt ^^<\/li>\r\n<\/ul>\r\n<h2>Comment contribues-tu \u00e0 WordPress ?<\/h2>\r\n<p>J&rsquo;ai mis un peu de temps \u00e0 contribuer et<strong> j&rsquo;ai commenc\u00e9 par traduire des extensions<\/strong> (notamment Multilingual Press, Members\u2026). C&rsquo;\u00e9tait \u00e0 ma port\u00e9e et potentiellement utile \u00e0 tout le monde. Ensuite je me suis inscrit aux meetups de Paris et j&rsquo;y participe autant que mon agenda le permet ^^.<br \/> <strong>En 2016 j&rsquo;ai donn\u00e9 ma premi\u00e8re conf\u00e9rence au WordCamp Paris<\/strong> (un design r\u00e9ussi) et, malgr\u00e9 un stress de tous les diables, \u00e7a m&rsquo;a donn\u00e9 envie de recommencer : <strong>WordCamp Bordeaux 2017<\/strong> (pourquoi coder son propre th\u00e8me) et <strong>WordCamp Marseille 2017<\/strong> (un design accessible). Et j&rsquo;\u00e9tais <strong>b\u00e9n\u00e9vole pour le WCEU de 2017.<\/strong><br \/> <strong>Cette ann\u00e9e j&rsquo;ai aussi publi\u00e9 mon premier plugin sur le repo officiel<\/strong> (AD Sliding FAQ) et un add-on pour ACF sur l&rsquo;entrep\u00f4t d&rsquo;imath (AD ACF Builder). J&rsquo;aimerais bien soumettre un th\u00e8me, \u00e0 suivre&#8230;<\/p>\r\n<h2>Et dans 10 ans, tu penses continuer \u00e0 participer aux WordCamps ?<\/h2>\r\n<p>Tant qu&rsquo;il y aura des WordCamps, oui, c&rsquo;est clair.<\/p>\r\n<h2>Pour finir, si tu \u00e9tais un Wapuu, tu serais&#8230;<\/h2>\r\n<p>Si j&rsquo;\u00e9tais un wapuu, j&rsquo;aurais un ballon noir avec une tache blanche\u2026 et un crayon sous le bras. Peut-\u00eatre un chapeau, mais \u00e7a d\u00e9pendra de la saison (en hiver c&rsquo;est plut\u00f4t bonnet)<\/p>\r\n<h3>Mes liens :<\/h3>\r\n<p><a href=\"https:\/\/anybodesign.com\/\">Mon site<br \/> <\/a><a href=\"https:\/\/2017.anybodesign.com\/\">10 Greatest Hits<\/a>, pour partager nos meilleurs souvenirs<br \/> <a href=\"https:\/\/wordpress.org\/plugins\/ad-sliding-faq\/\">AD Sliding FAQ,<\/a> l&rsquo;extension que j&rsquo;ai d\u00e9velopp\u00e9 pour cr\u00e9er des FAQ en accord\u00e9on accessibles<br \/> <a href=\"https:\/\/github.com\/anybodesign\/ad-acf-builder\">Mon r\u00e9pertoire GitHub<\/a> avec mon page builder bas\u00e9 sur ACF<\/p>","protected":false},"excerpt":{"rendered":"<p>Voici le premier article d&rsquo;une s\u00e9rie qui pr\u00e9sentera chacun des organisateurs du WordCamp Paris 2018. Thomas a r\u00e9pondu aux questions que nous a pr\u00e9par\u00e9es Olivier.<\/p>\n","protected":false},"author":15384044,"featured_media":877,"comment_status":"open","ping_status":"open","sticky":false,"template":"","format":"standard","meta":{"_crdt_document":"","jetpack_post_was_ever_published":false,"_jetpack_newsletter_access":"","_jetpack_dont_email_post_to_subs":false,"_jetpack_newsletter_tier_id":0,"_jetpack_memberships_contains_paywalled_content":false,"_jetpack_memberships_contains_paid_content":false,"footnotes":""},"categories":[39724],"tags":[],"class_list":["post-856","post","type-post","status-publish","format-standard","has-post-thumbnail","hentry","category-interviews"],"jetpack_featured_media_url":"https:\/\/paris.wordcamp.org\/2018\/files\/2017\/10\/wapuu-thomas-featured-1.jpg","jetpack_sharing_enabled":true,"jetpack_shortlink":"https:\/\/wp.me\/p91XyD-dO","_links":{"self":[{"href":"https:\/\/paris.wordcamp.org\/2018\/wp-json\/wp\/v2\/posts\/856","targetHints":{"allow":["GET"]}}],"collection":[{"href":"https:\/\/paris.wordcamp.org\/2018\/wp-json\/wp\/v2\/posts"}],"about":[{"href":"https:\/\/paris.wordcamp.org\/2018\/wp-json\/wp\/v2\/types\/post"}],"author":[{"embeddable":true,"href":"https:\/\/paris.wordcamp.org\/2018\/wp-json\/wp\/v2\/users\/15384044"}],"replies":[{"embeddable":true,"href":"https:\/\/paris.wordcamp.org\/2018\/wp-json\/wp\/v2\/comments?post=856"}],"version-history":[{"count":17,"href":"https:\/\/paris.wordcamp.org\/2018\/wp-json\/wp\/v2\/posts\/856\/revisions"}],"predecessor-version":[{"id":999,"href":"https:\/\/paris.wordcamp.org\/2018\/wp-json\/wp\/v2\/posts\/856\/revisions\/999"}],"wp:featuredmedia":[{"embeddable":true,"href":"https:\/\/paris.wordcamp.org\/2018\/wp-json\/wp\/v2\/media\/877"}],"wp:attachment":[{"href":"https:\/\/paris.wordcamp.org\/2018\/wp-json\/wp\/v2\/media?parent=856"}],"wp:term":[{"taxonomy":"category","embeddable":true,"href":"https:\/\/paris.wordcamp.org\/2018\/wp-json\/wp\/v2\/categories?post=856"},{"taxonomy":"post_tag","embeddable":true,"href":"https:\/\/paris.wordcamp.org\/2018\/wp-json\/wp\/v2\/tags?post=856"}],"curies":[{"name":"wp","href":"https:\/\/api.w.org\/{rel}","templated":true}]}}