{"id":1021,"date":"2017-11-06T21:32:55","date_gmt":"2017-11-06T20:32:55","guid":{"rendered":"https:\/\/2018.paris.wordcamp.org\/?p=1021"},"modified":"2018-01-05T19:48:29","modified_gmt":"2018-01-05T18:48:29","slug":"thierry-pigot-et-les-participants","status":"publish","type":"post","link":"https:\/\/paris.wordcamp.org\/2018\/thierry-pigot-et-les-participants\/","title":{"rendered":"Thierry Pigot et les participants"},"content":{"rendered":"\r\n<p class=\"wp-block-paragraph\"><em>Thierry utilise WordPress depuis 2005. Autant dire qu&rsquo;il est un expert ! Il a depuis cr\u00e9\u00e9 sa propre soci\u00e9t\u00e9, WP assistance, qui fait du support premium ainsi que de la maintenance WordPress. <br \/>Tr\u00e8s actif, il anime la communaut\u00e9 WordPress parisienne. Il est \u00e0 l&rsquo;initiative de l&rsquo;association <a href=\"https:\/\/wpparis.fr\">WP Paris<\/a> (Attention c&rsquo;est lui le chef ! D&rsquo;o\u00f9 les gros yeux sur son Wapuu \ud83d\ude09 )<\/em><\/p>\r\n\r\n<p>\n<!--more--><\/p>\n\n\r\n<h2 class=\"wp-block-heading\">Tu peux te pr\u00e9senter en quelques mots ?<\/h2>\r\n\r\n<p class=\"wp-block-paragraph\">Je suis Thierry Pigot, j\u2019habite dans les Yvelines, aux portes de la vall\u00e9e de Chevreuse, entre Versailles et Dreux. Je suis architecte WordPress au sein de l\u2019agence web <a href=\"https:\/\/www.wearewp.pro\/\">WeAre[WP]<\/a> et responsable de l\u2019offre de support et <a href=\"https:\/\/www.wp-assistance.fr\" rel=\"nofollow\">maintenance WordPress<\/a> chez WP Assistance. Avec Mathieu et Gr\u00e9goire, je co-organise les \u00e9v\u00e9nements WordPress sur Paris et co-anime le podcast <a href=\"https:\/\/veryfrenchtrip.com\/\">VeryFrenchTrip<\/a>.<\/p>\r\n\r\n<h2 class=\"wp-block-heading\">Quel est ton r\u00f4le dans l\u2019organisation du WordCamp Paris ?<\/h2>\r\n\r\n<p class=\"wp-block-paragraph\">Je vais m\u2019occuper de vous les amis ! Mon r\u00f4le pour cette \u00e9dition 2018, est de prendre soin des participants.<\/p>\r\n\r\n<h2 class=\"wp-block-heading\">En deux mots, ce r\u00f4le consiste \u00e0 quoi ?<\/h2>\r\n\r\n<p class=\"wp-block-paragraph\">Cela consiste \u00e0 encadrer tout ce qui touche aux visiteurs : votre accueil, la r\u00e9ponse \u00e0 toutes vos questions, la partie billetterie, le repas du midi, la soir\u00e9e communautaire, la s\u00e9curit\u00e9 \u2026. Pour m\u2019aider dans cette t\u00e2che, je suis accompagn\u00e9 de Florent et Marc.<\/p>\r\n\r\n<h2 class=\"wp-block-heading\">La premi\u00e8re fois que tu as utilis\u00e9 WordPress, c\u2019\u00e9tait pour\u2026<\/h2>\r\n\r\n<p class=\"wp-block-paragraph\">J\u2019ai utilis\u00e9 WordPress pour la premi\u00e8re fois en 2005, c\u2019\u00e9tait la version 1.5. Pour rappel, \u00e7a ressemblait \u00e0 <a href=\"https:\/\/cdn.churchm.ag\/wp-content\/uploads\/2011\/06\/wp1.5-620x499.jpg\">\u00e7a.<\/a><\/p>\r\n\r\n<p class=\"wp-block-paragraph\">Je l\u2019ai utilis\u00e9 pour cr\u00e9er un site de presse en ligne et pour mon blog de photo, en remplacement du CMS pixelpost.<\/p>\r\n\r\n<figure class=\"wp-block-image\"><img decoding=\"async\" src=\"https:\/\/2018.paris.wordcamp.org\/files\/2017\/11\/bureau-thierry-pigot.jpg\" \/>\r\n<figcaption>Le bureau de Thierry (Cr\u00e9dit photo : Thierry Pigot)<\/figcaption>\r\n<\/figure>\r\n\r\n<h2 class=\"wp-block-heading\">Tu l\u2019as imm\u00e9diatement adopt\u00e9 ?<\/h2>\r\n\r\n<p class=\"wp-block-paragraph\">Oui, j\u2019ai pourtant tout test\u00e9, Joomla, Drupal, typo3 \u2026 mais j\u2019ai finalement choisi WP.<\/p>\r\n\r\n<p class=\"wp-block-paragraph\">Et en 2008, le 6 f\u00e9vrier pour \u00eatre exact, j\u2019ai cr\u00e9\u00e9 mon tout premier plugin, qui permettait d\u2019ajouter \u00e0 un article une image \u00e0 la une via une url d\u2019image distante \ud83d\ude09<\/p>\r\n\r\n<h2 class=\"wp-block-heading\">Connaissais-tu l\u2019univers de l\u2019open source ?<\/h2>\r\n\r\n<p class=\"wp-block-paragraph\">J\u2019ai \u00e9t\u00e9 initi\u00e9 \u00e0 l\u2019Open Source en 2002, par <a href=\"https:\/\/www.april.org\/lionel-allorge-se-presente\">Lionel Allorge<\/a>, ancien vice-pr\u00e9sident de l\u2019<a href=\"https:\/\/www.april.org\">April<\/a>. \u00c0 l\u2019\u00e9poque je bidouillais en 3D et en vid\u00e9o. Nous avions travaill\u00e9 sur un \u201clong m\u00e9trage\u201d : Terminal Damage. Fort heureusement pour le monde du cin\u00e9ma, ce projet ne restera pas dans les annales.<\/p>\r\n\r\n<h2 class=\"wp-block-heading\">Et maintenant, tu te sers de WordPress pour quoi ?<\/h2>\r\n\r\n<p class=\"wp-block-paragraph\">J\u2019utilise WordPress au quotidien, sur tous les projets de nos clients. Il me sert aussi \u00e0 sortir de chez moi, pour aller \u00e0 la rencontre de passionn\u00e9s : meetup, conf\u00e9rence, WordCamp&#8230;<\/p>\r\n\r\n<figure class=\"wp-block-image\"><img decoding=\"async\" src=\"https:\/\/2018.paris.wordcamp.org\/files\/2017\/11\/thierry-pigot-wordcamp-marseille-1.jpg\" \/>\r\n<figcaption>Thierry Pigot au WordCamp Marseille 2017 (Cr\u00e9dit photo : Cl\u00e9ment Polito)<\/figcaption>\r\n<\/figure>\r\n\r\n<h2 class=\"wp-block-heading\">Ton premier WordCamp, c\u2019\u00e9tait o\u00f9 ?<\/h2>\r\n\r\n<p class=\"wp-block-paragraph\">Le premier \u00e9tait un format barcamp et il me semble que c\u2019\u00e9tait en 2011. Pour la petite histoire, c\u2019est l\u00e0 que j\u2019ai fait la connaissance de Gr\u00e9goire. \ud83d\ude09<\/p>\r\n\r\n<h2 class=\"wp-block-heading\">Qu\u2019en avais-tu pens\u00e9 ?<\/h2>\r\n\r\n<p class=\"wp-block-paragraph\">C\u2019\u00e9tait cool, un joyeux bordel, mais bien encadr\u00e9, avec de belles rencontres et une bonne ambiance \u2026 Le mot que j\u2019ai retenu de cette journ\u00e9e ? Bienveillance et partage.<\/p>\r\n\r\n<h2 class=\"wp-block-heading\">Pour toi un WordCamp r\u00e9ussi, qu&rsquo;est-ce que c&rsquo;est ?<\/h2>\r\n\r\n<p class=\"wp-block-paragraph\">A l\u2019\u00e9poque j\u2019aurais r\u00e9pondu, la qualit\u00e9 des conf\u00e9rences, les th\u00e8mes abord\u00e9s \u2026 mais maintenant ce sont plus les bons moments que je passe avec les coll\u00e8gues de toute la France et m\u00eame de certains pays d\u2019Europe et que je retrouve que pour cette occasion. Ah oui, il y a aussi le repas !<\/p>\r\n\r\n<h2 class=\"wp-block-heading\">Comment contribues-tu \u00e0 WordPress ?<\/h2>\r\n\r\n<p class=\"wp-block-paragraph\">Je donne beaucoup de mon temps sur l\u2019animation des meetups ou WordCamps. Et j\u2019aide \u00e0 r\u00e9soudre les difficult\u00e9s de certains, quand j\u2019ai le temps, sur le groupe Facebook \u201cWordPress Academy\u201d ou le Slack \u201cWordPress FR\u201d.<\/p>\r\n\r\n<h2 class=\"wp-block-heading\">Et dans 10 ans, tu penses continuer \u00e0 participer aux WordCamps ?<\/h2>\r\n\r\n<p class=\"wp-block-paragraph\">Dans 10 ans ? Peuch\u00e8re ! J\u2019aurai revendu ma startup que je n\u2019ai pas encore lanc\u00e9e et j\u2019aurai un cabanon au bord de l\u2019eau, avec un bateau dans les calanques !<\/p>\r\n\r\n<p class=\"wp-block-paragraph\">Blague \u00e0 part, je pense que oui.<\/p>\r\n\r\n<h2 class=\"wp-block-heading\">Pour finir, si tu \u00e9tais un Wapuu, tu serais\u2026<\/h2>\r\n\r\n<p class=\"wp-block-paragraph\">Un Wapuu Gilles Lellouche, \u00e7a existe ?<\/p>\r\n\r\n<h2 class=\"wp-block-heading\">Que repr\u00e9sente le Wapuu cr\u00e9\u00e9 par Thomas ?<\/h2>\r\n\r\n<p class=\"wp-block-paragraph\">Ce que repr\u00e9sente mon wapuu ? Je pense qu&rsquo;il y a une r\u00e9f\u00e9rence \u00e0 ma l\u00e9gendaire photo avec le col roul\u00e9 (photo de <a href=\"http:\/\/nicolasauproux.com\">Nicolas Auproux<\/a>) et mon attachement \u00e0 la communaut\u00e9 WordPress parisienne.<\/p>\r\n\r\n<h3 class=\"wp-block-heading\">Des liens :<\/h3>\r\n\r\n<ul>\r\n<li><a href=\"https:\/\/www.thierry-pigot.fr\/\">Thierry Pigot<\/a><\/li>\r\n<li><a href=\"https:\/\/www.wp-assistance.fr\" rel=\"nofollow\">WP Assistance<\/a><\/li>\r\n<li><a href=\"https:\/\/www.wearewp.pro\/\">WeAre [WP]<\/a><\/li>\r\n<li><a href=\"https:\/\/wpparis.fr\/\">WP Paris<\/a><\/li>\r\n<li><a href=\"https:\/\/veryfrenchtrip.com\/\">Very French Trip<\/a><\/li>\r\n<\/ul>\r\n","protected":false},"excerpt":{"rendered":"<p>Thierry est un membre actif de la communaut\u00e9 WordPress. Pour ce dixi\u00e8me anniversaire du WordCamp Paris,  il est charg\u00e9 de prendre soin des participants.<\/p>\n","protected":false},"author":15384044,"featured_media":1028,"comment_status":"open","ping_status":"open","sticky":false,"template":"","format":"standard","meta":{"_crdt_document":"","jetpack_post_was_ever_published":false,"_jetpack_newsletter_access":"","_jetpack_dont_email_post_to_subs":false,"_jetpack_newsletter_tier_id":0,"_jetpack_memberships_contains_paywalled_content":false,"_jetpack_memberships_contains_paid_content":false,"footnotes":""},"categories":[39724],"tags":[],"class_list":["post-1021","post","type-post","status-publish","format-standard","has-post-thumbnail","hentry","category-interviews"],"jetpack_featured_media_url":"https:\/\/paris.wordcamp.org\/2018\/files\/2017\/11\/wapuu-thierry-featured.jpg","jetpack_sharing_enabled":true,"jetpack_shortlink":"https:\/\/wp.me\/p91XyD-gt","_links":{"self":[{"href":"https:\/\/paris.wordcamp.org\/2018\/wp-json\/wp\/v2\/posts\/1021","targetHints":{"allow":["GET"]}}],"collection":[{"href":"https:\/\/paris.wordcamp.org\/2018\/wp-json\/wp\/v2\/posts"}],"about":[{"href":"https:\/\/paris.wordcamp.org\/2018\/wp-json\/wp\/v2\/types\/post"}],"author":[{"embeddable":true,"href":"https:\/\/paris.wordcamp.org\/2018\/wp-json\/wp\/v2\/users\/15384044"}],"replies":[{"embeddable":true,"href":"https:\/\/paris.wordcamp.org\/2018\/wp-json\/wp\/v2\/comments?post=1021"}],"version-history":[{"count":26,"href":"https:\/\/paris.wordcamp.org\/2018\/wp-json\/wp\/v2\/posts\/1021\/revisions"}],"predecessor-version":[{"id":1847,"href":"https:\/\/paris.wordcamp.org\/2018\/wp-json\/wp\/v2\/posts\/1021\/revisions\/1847"}],"wp:featuredmedia":[{"embeddable":true,"href":"https:\/\/paris.wordcamp.org\/2018\/wp-json\/wp\/v2\/media\/1028"}],"wp:attachment":[{"href":"https:\/\/paris.wordcamp.org\/2018\/wp-json\/wp\/v2\/media?parent=1021"}],"wp:term":[{"taxonomy":"category","embeddable":true,"href":"https:\/\/paris.wordcamp.org\/2018\/wp-json\/wp\/v2\/categories?post=1021"},{"taxonomy":"post_tag","embeddable":true,"href":"https:\/\/paris.wordcamp.org\/2018\/wp-json\/wp\/v2\/tags?post=1021"}],"curies":[{"name":"wp","href":"https:\/\/api.w.org\/{rel}","templated":true}]}}